{"id":12456,"date":"2020-12-03T21:00:38","date_gmt":"2020-12-03T23:00:38","guid":{"rendered":"https:\/\/meusitejuridico.editorajuspodivm.com.br\/?p=12456"},"modified":"2022-01-18T16:47:11","modified_gmt":"2022-01-18T19:47:11","slug":"681-teoria-dominio-fato-nao-autoriza-imputacao-de-sonegacao-fiscal-pela-simples-posicao-individuo-na-empresa","status":"publish","type":"post","link":"https:\/\/webmail.meusitejuridico.com.br\/2020\/12\/03\/681-teoria-dominio-fato-nao-autoriza-imputacao-de-sonegacao-fiscal-pela-simples-posicao-individuo-na-empresa\/","title":{"rendered":"681: Teoria do dom\u00ednio do fato n\u00e3o autoriza a imputa\u00e7\u00e3o de sonega\u00e7\u00e3o fiscal pela simples posi\u00e7\u00e3o do indiv\u00edduo na empresa"},"content":{"rendered":"<p><strong>Informativo:<\/strong>\u00a0681 do STJ \u2013 Direito Penal<\/p>\n<p><strong>Resumo: <\/strong>A teoria do dom\u00ednio do fato n\u00e3o permite, isoladamente, que se fa\u00e7a uma acusa\u00e7\u00e3o pela pr\u00e1tica de qualquer crime, eis que a imputa\u00e7\u00e3o deve ser acompanhada da devida descri\u00e7\u00e3o, no plano f\u00e1tico, do nexo de causalidade entre a conduta e o resultado delituoso.<\/p>\n<p><strong>Coment\u00e1rios:<\/strong><\/p>\n<p>Uma das solu\u00e7\u00f5es existentes para a imputa\u00e7\u00e3o de crimes em concurso de pessoas se baseia na denominada \u201cteoria do dom\u00ednio do fato\u201d, para a qual autor \u00e9 quem controla finalisticamente o fato, ou seja, quem decide a sua forma de execu\u00e7\u00e3o, seu in\u00edcio, cessa\u00e7\u00e3o e demais condi\u00e7\u00f5es. Part\u00edcipe, por sua vez, \u00e9 quem, embora colabore dolosamente para o alcance do resultado, n\u00e3o exerce dom\u00ednio sobre a a\u00e7\u00e3o.<\/p>\n<p>H\u00e1 tr\u00eas aspectos sob os quais a teoria do dom\u00ednio final do fato deve ser analisada:<\/p>\n<p><strong>(I) Dom\u00ednio da a\u00e7\u00e3o: <\/strong>corresponde ao <strong>autor imediato<\/strong>, aquele que, por sua vontade, executa o n\u00facleo do tipo.<\/p>\n<p><strong>(II) Dom\u00ednio da vontade<\/strong>: neste caso, o agente se vale de terceira pessoa para a pr\u00e1tica do crime. \u00c9 caso de <strong>autoria mediata<\/strong>, que se verifica em tr\u00eas situa\u00e7\u00f5es<strong>: a) coa\u00e7\u00e3o moral irresist\u00edvel: <\/strong>o coato, oprimido pelo medo, sucumbe ante a viol\u00eancia moral e pratica a conduta criminosa em favor de quem domina sua vontade;<strong> b) erro determinado por terceiro: <\/strong>erro n\u00e3o espont\u00e2neo que leva o provocado \u00e0 pr\u00e1tica do delito; <strong>c) dom\u00ednio da organiza\u00e7\u00e3o: <\/strong>o comandante de uma organiza\u00e7\u00e3o criminosa emite ordens para o cometimento de infra\u00e7\u00f5es penais por subordinados (voltaremos a este tema \u00e0 frente).<\/p>\n<p><strong>(III) Dom\u00ednio funcional: <\/strong>retrata a situa\u00e7\u00e3o em que, a partir de uma decis\u00e3o conjunta de cometer a infra\u00e7\u00e3o penal, duas ou mais pessoas atuam em colabora\u00e7\u00e3o, sendo que cada uma delas tem uma esp\u00e9cie de dom\u00ednio sobre o todo. \u00c9 o caso, por exemplo, em que dois indiv\u00edduos combinam a pr\u00e1tica de um roubo e, enquanto um deles amea\u00e7a a v\u00edtima com a arma de fogo, o segundo subtrai os bens. Nesse caso, ocorre a chamada \u201cimputa\u00e7\u00e3o rec\u00edproca\u201d, em que ambos respondem pelo fato como um todo, n\u00e3o obstante cada um tenha praticado parte da conduta t\u00edpica (GRECO, Luis <em>et alii<\/em>. Autoria como dom\u00ednio do fato: estudos introdut\u00f3rios sobre o concurso de pessoas no direito penal brasileiro. 1. ed. S\u00e3o Paulo: Marcial Pons, 2014, p. 30).<\/p>\n<p>Imputar a algu\u00e9m a pr\u00e1tica de um crime em raz\u00e3o de seu dom\u00ednio final sobre o fato pressup\u00f5e, evidentemente, a demonstra\u00e7\u00e3o de que a pessoa a quem a acusa\u00e7\u00e3o \u00e9 feita foi respons\u00e1vel pelo curso da pr\u00e1tica delituosa. Em casos como os de crimes tribut\u00e1rios, cometidos no \u00e2mbito de sociedades comerciais, as imputa\u00e7\u00f5es <strong>n\u00e3o podem<\/strong> se basear na simples posi\u00e7\u00e3o ocupada por administradores. \u00c9 sempre necess\u00e1rio estabelecer a liga\u00e7\u00e3o entre a conduta do agente na gest\u00e3o da empresa e o resultado criminoso, como decidiu o STJ no julgamento do REsp 1.854.893\/SP (j. 08\/09\/2020):<\/p>\n<p style=\"padding-left: 60px;\">\u201cApesar de o C\u00f3digo Penal prever que todo aquele que concorre para o crime \u00e9 considerado autor (art. 29, caput), ainda que a sua participa\u00e7\u00e3o seja de menor import\u00e2ncia (art. 29, \u00a7 1\u00ba), h\u00e1 situa\u00e7\u00f5es nas quais o int\u00e9rprete lan\u00e7a m\u00e3o do dom\u00ednio do fato, do modo a presumir e demarcar a autoria.<\/p>\n<p style=\"padding-left: 60px;\">Entretanto, o conceito de &#8220;dom\u00ednio do fato&#8221; ou &#8220;dom\u00ednio final do fato&#8221; n\u00e3o se satisfaz com a simples refer\u00eancia \u00e0 posi\u00e7\u00e3o do indiv\u00edduo como administrador ou gestor (de fato ou previsto no contrato social da empresa). Vale dizer, \u00e9 insuficiente considerar tal circunst\u00e2ncia, isoladamente, para que se possa atribuir a responsabilidade penal pela pr\u00e1tica de crime tribut\u00e1rio.<\/p>\n<p style=\"padding-left: 60px;\">Em rela\u00e7\u00e3o ao dom\u00ednio do fato, h\u00e1 interessantes produ\u00e7\u00f5es doutrin\u00e1rias que chamam a aten\u00e7\u00e3o para os problemas que orbitam ao redor dessa teoria. O principal deles pode ser identificado logo em sua g\u00eanese, isto \u00e9, na aus\u00eancia de uma constru\u00e7\u00e3o te\u00f3rico-dogm\u00e1tica coerente e pass\u00edvel de ser coordenada em harmonia com o nosso ordenamento jur\u00eddico, sobretudo na atua\u00e7\u00e3o jurisdicional diante de casos concretos. Fazer uso da teoria do dom\u00ednio do fato pressup\u00f5e do int\u00e9rprete a manuten\u00e7\u00e3o da coer\u00eancia sist\u00eamica.<\/p>\n<p style=\"padding-left: 60px;\">Foi com Welzel, em 1939, que surgiu uma teoria do dom\u00ednio do fato como crit\u00e9rio de delimita\u00e7\u00e3o de autoria e que dependeria de dois pressupostos: a) os pessoais, decorrentes da estrutura do tipo, e o b) f\u00e1tico, ligado ao dom\u00ednio final do fato (o autor seria o senhor da decis\u00e3o e da execu\u00e7\u00e3o de sua vontade final). O dom\u00ednio do fato, em sua concep\u00e7\u00e3o, portanto, compunha as esp\u00e9cies de autoria ou coautoria (direta ou mediata).<\/p>\n<p style=\"padding-left: 60px;\">Todavia, \u00e9 com Roxin, sem d\u00favida, que a teoria do dom\u00ednio do fato ganhou &#8220;sua express\u00e3o mais acabada&#8221; . Longe de ser um aprimoramento ou aperfei\u00e7oamento da teoria de Welzel, constituiu-se ela uma constru\u00e7\u00e3o nova, com implica\u00e7\u00f5es te\u00f3ricas e pr\u00e1ticas distintas.<\/p>\n<p style=\"padding-left: 60px;\">Enquanto para Welzel a teoria do dom\u00ednio do fato seria um pressuposto (requisito) material para determina\u00e7\u00e3o da autoria, para Roxin consistiria em um crit\u00e9rio para delimita\u00e7\u00e3o do papel do agente na pr\u00e1tica delitiva (como autor ou part\u00edcipe). Ela representou, assim, uma forma de distinguir autor de part\u00edcipe e n\u00e3o fundamentou responsabilidade penal onde ela n\u00e3o existe, mas apenas distinguiu o papel desempenhado por cada agente no delito.<\/p>\n<p style=\"padding-left: 60px;\">Roxin desenvolveu uma teoria em que o dom\u00ednio do fato se manifestava de tr\u00eas maneiras, sem a pretens\u00e3o de universalidade sobre todos os casos: a) dom\u00ednio da a\u00e7\u00e3o, nas hip\u00f3teses em que o agente realiza, por sua pr\u00f3pria pessoa, todos os elementos estruturais do crime (autoria imediata); b) dom\u00ednio da vontade, na qual um terceiro funciona como instrumento do crime (autoria mediata); e c) dom\u00ednio funcional do fato, que trata da a\u00e7\u00e3o coordenada, com divis\u00e3o de tarefas, por pelo menos mais uma pessoa.<\/p>\n<p style=\"padding-left: 60px;\">Ao tratar especificamente do dom\u00ednio da vontade, Roxin distinguiu tr\u00eas hip\u00f3teses: (1) por coa\u00e7\u00e3o exercida sobre terceiro, (2) por indu\u00e7\u00e3o a erro de terceiro e (3) por um aparato organizado de poder. Esta \u00faltima hip\u00f3tese trata daquele que &#8220;servindo-se de uma organiza\u00e7\u00e3o verticalmente estruturada e apartada, dissociada da ordem jur\u00eddica, emite uma ordem cujo cumprimento \u00e9 entregue a executores fung\u00edveis, que funcionam como meras engrenagens de uma estrutura autom\u00e1tica, n\u00e3o se limita a instigar, mas \u00e9 verdadeiro autor mediato dos fatos realizados&#8221;.<\/p>\n<p style=\"padding-left: 60px;\">Mas, para Roxin, esse n\u00e3o seria o \u00fanico crit\u00e9rio de fundamenta\u00e7\u00e3o e distin\u00e7\u00e3o da autoria e da participa\u00e7\u00e3o. Existiriam outros delitos que n\u00e3o seriam influenciados pela teoria do dom\u00ednio do fato, como naqueles em que h\u00e1 viola\u00e7\u00e3o de dever (delitos pr\u00f3prios). Ent\u00e3o, v. g., no crime de peculato, n\u00e3o seria estabelecida a autoria pela teoria do dom\u00ednio do fato, mas por viola\u00e7\u00e3o de dever. Al\u00e9m desses, os delitos culposos, omissivos (pr\u00f3prios e impr\u00f3prios), tamb\u00e9m n\u00e3o seriam abrangidos pela teoria do dom\u00ednio do fato.<\/p>\n<p style=\"padding-left: 60px;\">Observa-se, portanto, que a referida teoria opera em um plano de abstra\u00e7\u00e3o e funciona como uma\u00a0<em>ratio<\/em>, a qual \u00e9 insuficiente, por si mesma e se conceitualmente considerada, para aferir a exist\u00eancia do nexo de causalidade entre o crime e o agente. \u00c9 insuficiente e equivocado afirmar que um indiv\u00edduo \u00e9 autor porque det\u00e9m o dom\u00ednio do fato se, no plano intermedi\u00e1rio ligado aos fatos, n\u00e3o h\u00e1 nenhuma circunst\u00e2ncia que estabele\u00e7a o nexo entre sua conduta e o resultado lesivo (comprova\u00e7\u00e3o da exist\u00eancia de um plano delituoso comum ou a contribui\u00e7\u00e3o relevante para a ocorr\u00eancia do fato criminoso).<\/p>\n<p style=\"padding-left: 60px;\">N\u00e3o h\u00e1, portanto, como considerar, com base na teoria do dom\u00ednio do fato, que a posi\u00e7\u00e3o de gestor, diretor ou s\u00f3cio administrador de uma empresa implica a presun\u00e7\u00e3o de que houve a participa\u00e7\u00e3o no delito, se n\u00e3o houver, no plano f\u00e1tico-probat\u00f3rio, alguma circunst\u00e2ncia que o vincule \u00e0 pr\u00e1tica delitiva.<\/p>\n<p style=\"padding-left: 60px;\">Tamb\u00e9m n\u00e3o \u00e9 correto, no \u00e2mbito da imputa\u00e7\u00e3o da responsabilidade penal, partir da premissa ligada \u00e0 forma societ\u00e1ria, ao n\u00famero de s\u00f3cios ou ao porte apresentado pela empresa para se presumir a autoria, sobretudo porque nem sempre as decis\u00f5es tomadas por gestor de uma sociedade empres\u00e1ria ou pelo empres\u00e1rio individual, &#8211; seja ela qual for e de que forma esteja constitu\u00edda &#8211; implicam o absoluto conhecimento e aquiesc\u00eancia com os tr\u00e2mites burocr\u00e1ticos subjacentes, os quais, n\u00e3o raro, s\u00e3o delegados a terceiros.<\/p>\n<p style=\"padding-left: 60px;\">O delito de sonega\u00e7\u00e3o fiscal, previsto no art. 1\u00ba, II, da Lei n. 8.137\/1990, exige, para sua configura\u00e7\u00e3o, que a conduta do agente seja dolosa, consistente na utiliza\u00e7\u00e3o de procedimentos (fraude) que violem de forma direta a lei ou o regulamento fiscal, com objetivo de favorecer a si ou terceiros, por meio da sonega\u00e7\u00e3o. H\u00e1 uma diferen\u00e7a inquestion\u00e1vel entre aquele que n\u00e3o paga tributo por circunst\u00e2ncias alheias \u00e0 sua vontade de pagar (dificuldades financeiras, equ\u00edvocos no preenchimento de guias etc.) e quem, dolosamente, sonega o tributo com a utiliza\u00e7\u00e3o de expedientes esp\u00farios e motivado por interesses pessoais.<\/p>\n<p style=\"padding-left: 60px;\">Na hip\u00f3tese, o quadro f\u00e1tico descrito na imputa\u00e7\u00e3o \u00e9 mais indicativo de conduta negligente ou imprudente. A constata\u00e7\u00e3o disso \u00e9 refor\u00e7ada pela delega\u00e7\u00e3o das opera\u00e7\u00f5es cont\u00e1beis sem a necess\u00e1ria fiscaliza\u00e7\u00e3o, situa\u00e7\u00e3o que n\u00e3o se coaduna com o dolo, mas se aproxima da culpa em sentido estrito, n\u00e3o prevista no tipo penal em quest\u00e3o\u201d.<\/p>\n<p><strong>Para se aprofundar, recomendamos:<\/strong><\/p>\n<p>Livro:\u00a0<a href=\"https:\/\/www.editorajuspodivm.com.br\/manual-de-direito-penal-parte-geral-2020\" target=\"_blank\" rel=\"noopener\">Manual de Direito Penal (parte geral)<\/a><\/p>\n<p><strong>Conhe\u00e7a os cursos do Minist\u00e9rio P\u00fablico da Lesen, coordenados pelo professor Rog\u00e9rio Sanches:<\/strong><\/p>\n<p><a href=\"https:\/\/lesencursos.com.br\/ministerio-publico-estadual\" target=\"_blank\" rel=\"noopener\">Clique aqui<\/a><\/p>\n","protected":false},"excerpt":{"rendered":"<p>Informativo:\u00a0681 do STJ \u2013 Direito Penal Resumo: A teoria do dom\u00ednio do fato n\u00e3o permite, isoladamente, que se fa\u00e7a uma acusa\u00e7\u00e3o pela pr\u00e1tica de qualquer crime, eis que a imputa\u00e7\u00e3o deve ser acompanhada da devida descri\u00e7\u00e3o, no plano f\u00e1tico, do nexo de causalidade entre a conduta e o resultado delituoso. Coment\u00e1rios: Uma das solu\u00e7\u00f5es existentes [&hellip;]<\/p>\n","protected":false},"author":3,"featured_media":12460,"comment_status":"open","ping_status":"open","sticky":false,"template":"","format":"standard","meta":{"_acf_changed":false,"footnotes":""},"categories":[106,70,80],"tags":[3479,647,536],"class_list":["post-12456","post","type-post","status-publish","format-standard","has-post-thumbnail","hentry","category-direito-penal-disciplinas","category-informativos-comentados","category-informativos-stj","tag-681-stj","tag-concurso-de-agentes","tag-dominio-do-fato"],"acf":[],"yoast_head":"<!-- This site is optimized with the Yoast SEO plugin v24.8.1 - https:\/\/yoast.com\/wordpress\/plugins\/seo\/ -->\n<title>681: Teoria do dom\u00ednio do fato n\u00e3o autoriza a imputa\u00e7\u00e3o de sonega\u00e7\u00e3o fiscal pela simples posi\u00e7\u00e3o do indiv\u00edduo na empresa - Meu site jur\u00eddico<\/title>\n<meta name=\"robots\" content=\"index, follow, max-snippet:-1, max-image-preview:large, max-video-preview:-1\" \/>\n<link rel=\"canonical\" href=\"https:\/\/meusitejuridico.com.br\/2020\/12\/03\/681-teoria-dominio-fato-nao-autoriza-imputacao-de-sonegacao-fiscal-pela-simples-posicao-individuo-na-empresa\/\" \/>\n<meta property=\"og:locale\" content=\"pt_BR\" \/>\n<meta property=\"og:type\" content=\"article\" \/>\n<meta property=\"og:title\" content=\"681: Teoria do dom\u00ednio do fato n\u00e3o autoriza a imputa\u00e7\u00e3o de sonega\u00e7\u00e3o fiscal pela simples posi\u00e7\u00e3o do indiv\u00edduo na empresa - Meu site jur\u00eddico\" \/>\n<meta property=\"og:description\" content=\"Informativo:\u00a0681 do STJ \u2013 Direito Penal Resumo: A teoria do dom\u00ednio do fato n\u00e3o permite, isoladamente, que se fa\u00e7a uma acusa\u00e7\u00e3o pela pr\u00e1tica de qualquer crime, eis que a imputa\u00e7\u00e3o deve ser acompanhada da devida descri\u00e7\u00e3o, no plano f\u00e1tico, do nexo de causalidade entre a conduta e o resultado delituoso. Coment\u00e1rios: Uma das solu\u00e7\u00f5es existentes [&hellip;]\" \/>\n<meta property=\"og:url\" content=\"https:\/\/meusitejuridico.com.br\/2020\/12\/03\/681-teoria-dominio-fato-nao-autoriza-imputacao-de-sonegacao-fiscal-pela-simples-posicao-individuo-na-empresa\/\" \/>\n<meta property=\"og:site_name\" content=\"Meu site jur\u00eddico\" \/>\n<meta property=\"article:author\" content=\"https:\/\/www.facebook.com\/RogerioSanchesC\" \/>\n<meta property=\"article:published_time\" content=\"2020-12-03T23:00:38+00:00\" \/>\n<meta property=\"article:modified_time\" content=\"2022-01-18T19:47:11+00:00\" \/>\n<meta property=\"og:image\" content=\"https:\/\/meusitejuridico.com.br\/s.meusitejuridico\/2020\/12\/cf960d78-shutterstock-551655550.jpg\" \/>\n\t<meta property=\"og:image:width\" content=\"1000\" \/>\n\t<meta property=\"og:image:height\" content=\"664\" \/>\n\t<meta property=\"og:image:type\" content=\"image\/jpeg\" \/>\n<meta name=\"author\" content=\"Rog\u00e9rio Sanches Cunha\" \/>\n<meta name=\"twitter:card\" content=\"summary_large_image\" \/>\n<meta name=\"twitter:creator\" content=\"@RogerioSanchesC\" \/>\n<meta name=\"twitter:label1\" content=\"Escrito por\" \/>\n\t<meta name=\"twitter:data1\" content=\"Rog\u00e9rio Sanches Cunha\" \/>\n\t<meta name=\"twitter:label2\" content=\"Est. tempo de leitura\" \/>\n\t<meta name=\"twitter:data2\" content=\"8 minutos\" \/>\n<script type=\"application\/ld+json\" class=\"yoast-schema-graph\">{\"@context\":\"https:\/\/schema.org\",\"@graph\":[{\"@type\":\"Article\",\"@id\":\"https:\/\/meusitejuridico.com.br\/2020\/12\/03\/681-teoria-dominio-fato-nao-autoriza-imputacao-de-sonegacao-fiscal-pela-simples-posicao-individuo-na-empresa\/#article\",\"isPartOf\":{\"@id\":\"https:\/\/meusitejuridico.com.br\/2020\/12\/03\/681-teoria-dominio-fato-nao-autoriza-imputacao-de-sonegacao-fiscal-pela-simples-posicao-individuo-na-empresa\/\"},\"author\":{\"name\":\"Rog\u00e9rio Sanches Cunha\",\"@id\":\"https:\/\/cdn.meusitejuridico.com.br\/#\/schema\/person\/a3cebf06fd267ee700aae09eb6722d16\"},\"headline\":\"681: Teoria do dom\u00ednio do fato n\u00e3o autoriza a imputa\u00e7\u00e3o de sonega\u00e7\u00e3o fiscal pela simples posi\u00e7\u00e3o do indiv\u00edduo na empresa\",\"datePublished\":\"2020-12-03T23:00:38+00:00\",\"dateModified\":\"2022-01-18T19:47:11+00:00\",\"mainEntityOfPage\":{\"@id\":\"https:\/\/meusitejuridico.com.br\/2020\/12\/03\/681-teoria-dominio-fato-nao-autoriza-imputacao-de-sonegacao-fiscal-pela-simples-posicao-individuo-na-empresa\/\"},\"wordCount\":1721,\"commentCount\":0,\"publisher\":{\"@id\":\"https:\/\/cdn.meusitejuridico.com.br\/#organization\"},\"image\":{\"@id\":\"https:\/\/meusitejuridico.com.br\/2020\/12\/03\/681-teoria-dominio-fato-nao-autoriza-imputacao-de-sonegacao-fiscal-pela-simples-posicao-individuo-na-empresa\/#primaryimage\"},\"thumbnailUrl\":\"https:\/\/webmail.meusitejuridico.com.br\/s.meusitejuridico\/2020\/12\/cf960d78-shutterstock-551655550.jpg\",\"keywords\":[\"681 STJ\",\"concurso de agentes\",\"dom\u00ednio do fato\"],\"articleSection\":[\"Direito Penal\",\"Informativos\",\"STJ\"],\"inLanguage\":\"pt-BR\",\"potentialAction\":[{\"@type\":\"CommentAction\",\"name\":\"Comment\",\"target\":[\"https:\/\/meusitejuridico.com.br\/2020\/12\/03\/681-teoria-dominio-fato-nao-autoriza-imputacao-de-sonegacao-fiscal-pela-simples-posicao-individuo-na-empresa\/#respond\"]}]},{\"@type\":\"WebPage\",\"@id\":\"https:\/\/meusitejuridico.com.br\/2020\/12\/03\/681-teoria-dominio-fato-nao-autoriza-imputacao-de-sonegacao-fiscal-pela-simples-posicao-individuo-na-empresa\/\",\"url\":\"https:\/\/meusitejuridico.com.br\/2020\/12\/03\/681-teoria-dominio-fato-nao-autoriza-imputacao-de-sonegacao-fiscal-pela-simples-posicao-individuo-na-empresa\/\",\"name\":\"681: Teoria do dom\u00ednio do fato n\u00e3o autoriza a imputa\u00e7\u00e3o de sonega\u00e7\u00e3o fiscal pela simples posi\u00e7\u00e3o do indiv\u00edduo na empresa - Meu site jur\u00eddico\",\"isPartOf\":{\"@id\":\"https:\/\/cdn.meusitejuridico.com.br\/#website\"},\"primaryImageOfPage\":{\"@id\":\"https:\/\/meusitejuridico.com.br\/2020\/12\/03\/681-teoria-dominio-fato-nao-autoriza-imputacao-de-sonegacao-fiscal-pela-simples-posicao-individuo-na-empresa\/#primaryimage\"},\"image\":{\"@id\":\"https:\/\/meusitejuridico.com.br\/2020\/12\/03\/681-teoria-dominio-fato-nao-autoriza-imputacao-de-sonegacao-fiscal-pela-simples-posicao-individuo-na-empresa\/#primaryimage\"},\"thumbnailUrl\":\"https:\/\/webmail.meusitejuridico.com.br\/s.meusitejuridico\/2020\/12\/cf960d78-shutterstock-551655550.jpg\",\"datePublished\":\"2020-12-03T23:00:38+00:00\",\"dateModified\":\"2022-01-18T19:47:11+00:00\",\"breadcrumb\":{\"@id\":\"https:\/\/meusitejuridico.com.br\/2020\/12\/03\/681-teoria-dominio-fato-nao-autoriza-imputacao-de-sonegacao-fiscal-pela-simples-posicao-individuo-na-empresa\/#breadcrumb\"},\"inLanguage\":\"pt-BR\",\"potentialAction\":[{\"@type\":\"ReadAction\",\"target\":[\"https:\/\/meusitejuridico.com.br\/2020\/12\/03\/681-teoria-dominio-fato-nao-autoriza-imputacao-de-sonegacao-fiscal-pela-simples-posicao-individuo-na-empresa\/\"]}]},{\"@type\":\"ImageObject\",\"inLanguage\":\"pt-BR\",\"@id\":\"https:\/\/meusitejuridico.com.br\/2020\/12\/03\/681-teoria-dominio-fato-nao-autoriza-imputacao-de-sonegacao-fiscal-pela-simples-posicao-individuo-na-empresa\/#primaryimage\",\"url\":\"https:\/\/webmail.meusitejuridico.com.br\/s.meusitejuridico\/2020\/12\/cf960d78-shutterstock-551655550.jpg\",\"contentUrl\":\"https:\/\/webmail.meusitejuridico.com.br\/s.meusitejuridico\/2020\/12\/cf960d78-shutterstock-551655550.jpg\",\"width\":1000,\"height\":664},{\"@type\":\"BreadcrumbList\",\"@id\":\"https:\/\/meusitejuridico.com.br\/2020\/12\/03\/681-teoria-dominio-fato-nao-autoriza-imputacao-de-sonegacao-fiscal-pela-simples-posicao-individuo-na-empresa\/#breadcrumb\",\"itemListElement\":[{\"@type\":\"ListItem\",\"position\":1,\"name\":\"In\u00edcio\",\"item\":\"https:\/\/cdn.meusitejuridico.com.br\/\"},{\"@type\":\"ListItem\",\"position\":2,\"name\":\"681: Teoria do dom\u00ednio do fato n\u00e3o autoriza a imputa\u00e7\u00e3o de sonega\u00e7\u00e3o fiscal pela simples posi\u00e7\u00e3o do indiv\u00edduo na empresa\"}]},{\"@type\":\"WebSite\",\"@id\":\"https:\/\/cdn.meusitejuridico.com.br\/#website\",\"url\":\"https:\/\/cdn.meusitejuridico.com.br\/\",\"name\":\"Meu site jur\u00eddico\",\"description\":\"Meu site jur\u00eddico\",\"publisher\":{\"@id\":\"https:\/\/cdn.meusitejuridico.com.br\/#organization\"},\"potentialAction\":[{\"@type\":\"SearchAction\",\"target\":{\"@type\":\"EntryPoint\",\"urlTemplate\":\"https:\/\/cdn.meusitejuridico.com.br\/?s={search_term_string}\"},\"query-input\":{\"@type\":\"PropertyValueSpecification\",\"valueRequired\":true,\"valueName\":\"search_term_string\"}}],\"inLanguage\":\"pt-BR\"},{\"@type\":\"Organization\",\"@id\":\"https:\/\/cdn.meusitejuridico.com.br\/#organization\",\"name\":\"Meu site jur\u00eddico\",\"url\":\"https:\/\/cdn.meusitejuridico.com.br\/\",\"logo\":{\"@type\":\"ImageObject\",\"inLanguage\":\"pt-BR\",\"@id\":\"https:\/\/cdn.meusitejuridico.com.br\/#\/schema\/logo\/image\/\",\"url\":\"https:\/\/webmail.meusitejuridico.com.br\/s.meusitejuridico\/2022\/03\/cropped-baeec2a3-msj-02-01-01.png\",\"contentUrl\":\"https:\/\/webmail.meusitejuridico.com.br\/s.meusitejuridico\/2022\/03\/cropped-baeec2a3-msj-02-01-01.png\",\"width\":349,\"height\":243,\"caption\":\"Meu site jur\u00eddico\"},\"image\":{\"@id\":\"https:\/\/cdn.meusitejuridico.com.br\/#\/schema\/logo\/image\/\"}},{\"@type\":\"Person\",\"@id\":\"https:\/\/cdn.meusitejuridico.com.br\/#\/schema\/person\/a3cebf06fd267ee700aae09eb6722d16\",\"name\":\"Rog\u00e9rio Sanches Cunha\",\"image\":{\"@type\":\"ImageObject\",\"inLanguage\":\"pt-BR\",\"@id\":\"https:\/\/cdn.meusitejuridico.com.br\/#\/schema\/person\/image\/\",\"url\":\"https:\/\/webmail.meusitejuridico.com.br\/s.meusitejuridico\/2023\/04\/7de31285-rsc-0054-scaled-e1681840173909-150x150.jpg\",\"contentUrl\":\"https:\/\/webmail.meusitejuridico.com.br\/s.meusitejuridico\/2023\/04\/7de31285-rsc-0054-scaled-e1681840173909-150x150.jpg\",\"caption\":\"Rog\u00e9rio Sanches Cunha\"},\"description\":\"Membro do Ministe\u0301rio Pu\u0301blico do Estado de Sa\u0303o Paulo. Professor da Escola Superior do Ministe\u0301rio Pu\u0301blico dos estados de Sa\u0303o Paulo, Mato Grosso e Santa Catarina. Coordenador Pedag\u00f3gico e Professor de Penal e Processo Penal do Curso RSConline. Fundador do site www.meusitejuridico.com.br. Cofundador e coordenador pedago\u0301gico do JUSPLAY. Autor de obras juri\u0301dicas.\",\"sameAs\":[\"https:\/\/www.editorajuspodivm.com.br\/autores\/detalhe\/107?idtag=ebe04ee0-bb3c-4b7f-96b9-fcd9428789d5\",\"https:\/\/www.facebook.com\/RogerioSanchesC\",\"https:\/\/www.instagram.com\/rogeriosanchescunha\/\",\"https:\/\/x.com\/RogerioSanchesC\",\"https:\/\/www.youtube.com\/user\/RogerioSanchesC\"],\"url\":\"https:\/\/webmail.meusitejuridico.com.br\/author\/redesrogeriogmail-com\/\"}]}<\/script>\n<!-- \/ Yoast SEO plugin. -->","yoast_head_json":{"title":"681: Teoria do dom\u00ednio do fato n\u00e3o autoriza a imputa\u00e7\u00e3o de sonega\u00e7\u00e3o fiscal pela simples posi\u00e7\u00e3o do indiv\u00edduo na empresa - Meu site jur\u00eddico","robots":{"index":"index","follow":"follow","max-snippet":"max-snippet:-1","max-image-preview":"max-image-preview:large","max-video-preview":"max-video-preview:-1"},"canonical":"https:\/\/meusitejuridico.com.br\/2020\/12\/03\/681-teoria-dominio-fato-nao-autoriza-imputacao-de-sonegacao-fiscal-pela-simples-posicao-individuo-na-empresa\/","og_locale":"pt_BR","og_type":"article","og_title":"681: Teoria do dom\u00ednio do fato n\u00e3o autoriza a imputa\u00e7\u00e3o de sonega\u00e7\u00e3o fiscal pela simples posi\u00e7\u00e3o do indiv\u00edduo na empresa - Meu site jur\u00eddico","og_description":"Informativo:\u00a0681 do STJ \u2013 Direito Penal Resumo: A teoria do dom\u00ednio do fato n\u00e3o permite, isoladamente, que se fa\u00e7a uma acusa\u00e7\u00e3o pela pr\u00e1tica de qualquer crime, eis que a imputa\u00e7\u00e3o deve ser acompanhada da devida descri\u00e7\u00e3o, no plano f\u00e1tico, do nexo de causalidade entre a conduta e o resultado delituoso. Coment\u00e1rios: Uma das solu\u00e7\u00f5es existentes [&hellip;]","og_url":"https:\/\/meusitejuridico.com.br\/2020\/12\/03\/681-teoria-dominio-fato-nao-autoriza-imputacao-de-sonegacao-fiscal-pela-simples-posicao-individuo-na-empresa\/","og_site_name":"Meu site jur\u00eddico","article_author":"https:\/\/www.facebook.com\/RogerioSanchesC","article_published_time":"2020-12-03T23:00:38+00:00","article_modified_time":"2022-01-18T19:47:11+00:00","og_image":[{"width":1000,"height":664,"url":"https:\/\/meusitejuridico.com.br\/s.meusitejuridico\/2020\/12\/cf960d78-shutterstock-551655550.jpg","type":"image\/jpeg"}],"author":"Rog\u00e9rio Sanches Cunha","twitter_card":"summary_large_image","twitter_creator":"@RogerioSanchesC","twitter_misc":{"Escrito por":"Rog\u00e9rio Sanches Cunha","Est. tempo de leitura":"8 minutos"},"schema":{"@context":"https:\/\/schema.org","@graph":[{"@type":"Article","@id":"https:\/\/meusitejuridico.com.br\/2020\/12\/03\/681-teoria-dominio-fato-nao-autoriza-imputacao-de-sonegacao-fiscal-pela-simples-posicao-individuo-na-empresa\/#article","isPartOf":{"@id":"https:\/\/meusitejuridico.com.br\/2020\/12\/03\/681-teoria-dominio-fato-nao-autoriza-imputacao-de-sonegacao-fiscal-pela-simples-posicao-individuo-na-empresa\/"},"author":{"name":"Rog\u00e9rio Sanches Cunha","@id":"https:\/\/cdn.meusitejuridico.com.br\/#\/schema\/person\/a3cebf06fd267ee700aae09eb6722d16"},"headline":"681: Teoria do dom\u00ednio do fato n\u00e3o autoriza a imputa\u00e7\u00e3o de sonega\u00e7\u00e3o fiscal pela simples posi\u00e7\u00e3o do indiv\u00edduo na empresa","datePublished":"2020-12-03T23:00:38+00:00","dateModified":"2022-01-18T19:47:11+00:00","mainEntityOfPage":{"@id":"https:\/\/meusitejuridico.com.br\/2020\/12\/03\/681-teoria-dominio-fato-nao-autoriza-imputacao-de-sonegacao-fiscal-pela-simples-posicao-individuo-na-empresa\/"},"wordCount":1721,"commentCount":0,"publisher":{"@id":"https:\/\/cdn.meusitejuridico.com.br\/#organization"},"image":{"@id":"https:\/\/meusitejuridico.com.br\/2020\/12\/03\/681-teoria-dominio-fato-nao-autoriza-imputacao-de-sonegacao-fiscal-pela-simples-posicao-individuo-na-empresa\/#primaryimage"},"thumbnailUrl":"https:\/\/webmail.meusitejuridico.com.br\/s.meusitejuridico\/2020\/12\/cf960d78-shutterstock-551655550.jpg","keywords":["681 STJ","concurso de agentes","dom\u00ednio do fato"],"articleSection":["Direito Penal","Informativos","STJ"],"inLanguage":"pt-BR","potentialAction":[{"@type":"CommentAction","name":"Comment","target":["https:\/\/meusitejuridico.com.br\/2020\/12\/03\/681-teoria-dominio-fato-nao-autoriza-imputacao-de-sonegacao-fiscal-pela-simples-posicao-individuo-na-empresa\/#respond"]}]},{"@type":"WebPage","@id":"https:\/\/meusitejuridico.com.br\/2020\/12\/03\/681-teoria-dominio-fato-nao-autoriza-imputacao-de-sonegacao-fiscal-pela-simples-posicao-individuo-na-empresa\/","url":"https:\/\/meusitejuridico.com.br\/2020\/12\/03\/681-teoria-dominio-fato-nao-autoriza-imputacao-de-sonegacao-fiscal-pela-simples-posicao-individuo-na-empresa\/","name":"681: Teoria do dom\u00ednio do fato n\u00e3o autoriza a imputa\u00e7\u00e3o de sonega\u00e7\u00e3o fiscal pela simples posi\u00e7\u00e3o do indiv\u00edduo na empresa - Meu site jur\u00eddico","isPartOf":{"@id":"https:\/\/cdn.meusitejuridico.com.br\/#website"},"primaryImageOfPage":{"@id":"https:\/\/meusitejuridico.com.br\/2020\/12\/03\/681-teoria-dominio-fato-nao-autoriza-imputacao-de-sonegacao-fiscal-pela-simples-posicao-individuo-na-empresa\/#primaryimage"},"image":{"@id":"https:\/\/meusitejuridico.com.br\/2020\/12\/03\/681-teoria-dominio-fato-nao-autoriza-imputacao-de-sonegacao-fiscal-pela-simples-posicao-individuo-na-empresa\/#primaryimage"},"thumbnailUrl":"https:\/\/webmail.meusitejuridico.com.br\/s.meusitejuridico\/2020\/12\/cf960d78-shutterstock-551655550.jpg","datePublished":"2020-12-03T23:00:38+00:00","dateModified":"2022-01-18T19:47:11+00:00","breadcrumb":{"@id":"https:\/\/meusitejuridico.com.br\/2020\/12\/03\/681-teoria-dominio-fato-nao-autoriza-imputacao-de-sonegacao-fiscal-pela-simples-posicao-individuo-na-empresa\/#breadcrumb"},"inLanguage":"pt-BR","potentialAction":[{"@type":"ReadAction","target":["https:\/\/meusitejuridico.com.br\/2020\/12\/03\/681-teoria-dominio-fato-nao-autoriza-imputacao-de-sonegacao-fiscal-pela-simples-posicao-individuo-na-empresa\/"]}]},{"@type":"ImageObject","inLanguage":"pt-BR","@id":"https:\/\/meusitejuridico.com.br\/2020\/12\/03\/681-teoria-dominio-fato-nao-autoriza-imputacao-de-sonegacao-fiscal-pela-simples-posicao-individuo-na-empresa\/#primaryimage","url":"https:\/\/webmail.meusitejuridico.com.br\/s.meusitejuridico\/2020\/12\/cf960d78-shutterstock-551655550.jpg","contentUrl":"https:\/\/webmail.meusitejuridico.com.br\/s.meusitejuridico\/2020\/12\/cf960d78-shutterstock-551655550.jpg","width":1000,"height":664},{"@type":"BreadcrumbList","@id":"https:\/\/meusitejuridico.com.br\/2020\/12\/03\/681-teoria-dominio-fato-nao-autoriza-imputacao-de-sonegacao-fiscal-pela-simples-posicao-individuo-na-empresa\/#breadcrumb","itemListElement":[{"@type":"ListItem","position":1,"name":"In\u00edcio","item":"https:\/\/cdn.meusitejuridico.com.br\/"},{"@type":"ListItem","position":2,"name":"681: Teoria do dom\u00ednio do fato n\u00e3o autoriza a imputa\u00e7\u00e3o de sonega\u00e7\u00e3o fiscal pela simples posi\u00e7\u00e3o do indiv\u00edduo na empresa"}]},{"@type":"WebSite","@id":"https:\/\/cdn.meusitejuridico.com.br\/#website","url":"https:\/\/cdn.meusitejuridico.com.br\/","name":"Meu site jur\u00eddico","description":"Meu site jur\u00eddico","publisher":{"@id":"https:\/\/cdn.meusitejuridico.com.br\/#organization"},"potentialAction":[{"@type":"SearchAction","target":{"@type":"EntryPoint","urlTemplate":"https:\/\/cdn.meusitejuridico.com.br\/?s={search_term_string}"},"query-input":{"@type":"PropertyValueSpecification","valueRequired":true,"valueName":"search_term_string"}}],"inLanguage":"pt-BR"},{"@type":"Organization","@id":"https:\/\/cdn.meusitejuridico.com.br\/#organization","name":"Meu site jur\u00eddico","url":"https:\/\/cdn.meusitejuridico.com.br\/","logo":{"@type":"ImageObject","inLanguage":"pt-BR","@id":"https:\/\/cdn.meusitejuridico.com.br\/#\/schema\/logo\/image\/","url":"https:\/\/webmail.meusitejuridico.com.br\/s.meusitejuridico\/2022\/03\/cropped-baeec2a3-msj-02-01-01.png","contentUrl":"https:\/\/webmail.meusitejuridico.com.br\/s.meusitejuridico\/2022\/03\/cropped-baeec2a3-msj-02-01-01.png","width":349,"height":243,"caption":"Meu site jur\u00eddico"},"image":{"@id":"https:\/\/cdn.meusitejuridico.com.br\/#\/schema\/logo\/image\/"}},{"@type":"Person","@id":"https:\/\/cdn.meusitejuridico.com.br\/#\/schema\/person\/a3cebf06fd267ee700aae09eb6722d16","name":"Rog\u00e9rio Sanches Cunha","image":{"@type":"ImageObject","inLanguage":"pt-BR","@id":"https:\/\/cdn.meusitejuridico.com.br\/#\/schema\/person\/image\/","url":"https:\/\/webmail.meusitejuridico.com.br\/s.meusitejuridico\/2023\/04\/7de31285-rsc-0054-scaled-e1681840173909-150x150.jpg","contentUrl":"https:\/\/webmail.meusitejuridico.com.br\/s.meusitejuridico\/2023\/04\/7de31285-rsc-0054-scaled-e1681840173909-150x150.jpg","caption":"Rog\u00e9rio Sanches Cunha"},"description":"Membro do Ministe\u0301rio Pu\u0301blico do Estado de Sa\u0303o Paulo. Professor da Escola Superior do Ministe\u0301rio Pu\u0301blico dos estados de Sa\u0303o Paulo, Mato Grosso e Santa Catarina. Coordenador Pedag\u00f3gico e Professor de Penal e Processo Penal do Curso RSConline. Fundador do site www.meusitejuridico.com.br. Cofundador e coordenador pedago\u0301gico do JUSPLAY. Autor de obras juri\u0301dicas.","sameAs":["https:\/\/www.editorajuspodivm.com.br\/autores\/detalhe\/107?idtag=ebe04ee0-bb3c-4b7f-96b9-fcd9428789d5","https:\/\/www.facebook.com\/RogerioSanchesC","https:\/\/www.instagram.com\/rogeriosanchescunha\/","https:\/\/x.com\/RogerioSanchesC","https:\/\/www.youtube.com\/user\/RogerioSanchesC"],"url":"https:\/\/webmail.meusitejuridico.com.br\/author\/redesrogeriogmail-com\/"}]}},"_links":{"self":[{"href":"https:\/\/webmail.meusitejuridico.com.br\/api\/wp\/v2\/posts\/12456","targetHints":{"allow":["GET"]}}],"collection":[{"href":"https:\/\/webmail.meusitejuridico.com.br\/api\/wp\/v2\/posts"}],"about":[{"href":"https:\/\/webmail.meusitejuridico.com.br\/api\/wp\/v2\/types\/post"}],"author":[{"embeddable":true,"href":"https:\/\/webmail.meusitejuridico.com.br\/api\/wp\/v2\/users\/3"}],"replies":[{"embeddable":true,"href":"https:\/\/webmail.meusitejuridico.com.br\/api\/wp\/v2\/comments?post=12456"}],"version-history":[{"count":4,"href":"https:\/\/webmail.meusitejuridico.com.br\/api\/wp\/v2\/posts\/12456\/revisions"}],"predecessor-version":[{"id":12461,"href":"https:\/\/webmail.meusitejuridico.com.br\/api\/wp\/v2\/posts\/12456\/revisions\/12461"}],"wp:featuredmedia":[{"embeddable":true,"href":"https:\/\/webmail.meusitejuridico.com.br\/api\/wp\/v2\/media\/12460"}],"wp:attachment":[{"href":"https:\/\/webmail.meusitejuridico.com.br\/api\/wp\/v2\/media?parent=12456"}],"wp:term":[{"taxonomy":"category","embeddable":true,"href":"https:\/\/webmail.meusitejuridico.com.br\/api\/wp\/v2\/categories?post=12456"},{"taxonomy":"post_tag","embeddable":true,"href":"https:\/\/webmail.meusitejuridico.com.br\/api\/wp\/v2\/tags?post=12456"}],"curies":[{"name":"wp","href":"https:\/\/api.w.org\/{rel}","templated":true}]}}