{"id":11818,"date":"2020-08-27T19:08:18","date_gmt":"2020-08-27T22:08:18","guid":{"rendered":"https:\/\/meusitejuridico.editorajuspodivm.com.br\/?p=11818"},"modified":"2022-01-18T16:31:03","modified_gmt":"2022-01-18T19:31:03","slug":"vantagens-e-desvantagens-seculo-xxi-um-aspecto-prosaico","status":"publish","type":"post","link":"https:\/\/webmail.meusitejuridico.com.br\/2020\/08\/27\/vantagens-e-desvantagens-seculo-xxi-um-aspecto-prosaico\/","title":{"rendered":"VANTAGENS E DESVANTAGENS DO S\u00c9CULO XXI: UM ASPECTO PROSAICO"},"content":{"rendered":"<p>Viver no s\u00e9culo XXI tem suas vantagens. Tecnologias, informa\u00e7\u00e3o, velocidade. Tem, por outro lado, como tudo, desvantagens. Ningu\u00e9m suporta o tr\u00e2nsito ca\u00f3tico, a viol\u00eancia atinge n\u00edveis absurdos, o simples fato de encontrar uma vaga para estacionar, muitas vezes, torna-se aut\u00eantico supl\u00edcio.<\/p>\n<p>&nbsp;<\/p>\n<p>Para atender a essa necessidade de muitos de n\u00f3s \u2013 especialmente nos grandes centros urbanos &#8211; s\u00e3o cada vez mais comuns as empresas que exploram estacionamentos. Tais empresas suprem uma necessidade premente da vida contempor\u00e2nea, que \u00e9 a guarda tempor\u00e1ria de ve\u00edculos em locais presumivelmente seguros. Respondem, no entanto, as referidas empresas, pelos danos causados, por seus empregados ou por terceiros, aos ve\u00edculos estacionados. A antiga S\u00famula 130, STJ, resumiu a orienta\u00e7\u00e3o do Tribunal: \u201cA empresa responde, perante o cliente, pela repara\u00e7\u00e3o de dano ou furto de ve\u00edculo ocorridos em seu estacionamento\u201d.<\/p>\n<p>&nbsp;<\/p>\n<p>Se, digamos, algu\u00e9m, ao retornar ao estacionamento onde deixou seu carro, tem a desagrad\u00e1vel surpresa de n\u00e3o encontr\u00e1-lo, ou encontr\u00e1-lo danificado (vidros quebrados, lataria amassada, pneus furados, etc), ter\u00e1 direito \u00e0 repara\u00e7\u00e3o dos danos, sem que seja necess\u00e1ria, para tanto, a prova da culpa da empresa. A responsabilidade do estacionamento \u00e9 objetiva. Aplica-se \u00e0 hip\u00f3tese o C\u00f3digo de Defesa do Consumidor, cujo art. 14 responsabiliza, sem culpa, os prestadores de servi\u00e7o.<\/p>\n<p>&nbsp;<\/p>\n<p>O ticket ou bilhete de estacionamento \u00e9 prova bastante da rela\u00e7\u00e3o de guarda do ve\u00edculo, no dia e hora l\u00e1 referidos, n\u00e3o sendo necess\u00e1rias, em princ\u00edpio, outras provas. O juiz, atendidos os requisitos do art. 6\u00ba, VIII, do CDC, poder\u00e1 inverter o \u00f4nus da prova, imputando ao fornecedor de servi\u00e7os o \u00f4nus de provar que o consumidor n\u00e3o estacionou o ve\u00edculo no estabelecimento no dia em que aconteceu o dano.<\/p>\n<p>&nbsp;<\/p>\n<p>O estacionamento n\u00e3o responder\u00e1 se comprovar alguma das excludentes de responsabilidade civil, como o caso fortuito e a for\u00e7a maior, al\u00e9m do fato da exclusivo da v\u00edtima. Se, digamos, houve fort\u00edssima chuva, com queda de granizos, e o estacionamento era descoberto, n\u00e3o poder\u00e1 o consumidor pretender ser reparado, eis que a constata\u00e7\u00e3o do fortuito se imp\u00f5e (STJ, Resp. 330.523).<\/p>\n<p>&nbsp;<\/p>\n<p>\u00c9 princ\u00edpio geral da responsabilidade civil que o fato da v\u00edtima, rompendo o nexo causal, exclui a repara\u00e7\u00e3o. Se \u2013 imaginemos \u2013 o carro estacionado se incendeia, a empresa de estacionamento n\u00e3o responder\u00e1, se a causa do fogo for atribu\u00edvel ao propriet\u00e1rio do ve\u00edculo. Esta prova, por\u00e9m, compete ao estacionamento, sendo de se presumir, em princ\u00edpio, sua responsabilidade.\u00a0 \u00c9 preciso, no entanto, interpretar com rigor tais hip\u00f3teses, que s\u00e3o raras e excepcionais, pois o prestador de servi\u00e7os assume o risco do neg\u00f3cio, respondendo objetivamente (sem culpa) pelos danos verificados (C\u00f3digo Civil, art. 927, par\u00e1grafo \u00fanico).<\/p>\n<p>&nbsp;<\/p>\n<p>\u00c9 equivocado, como pretendem alguns, isentar o estacionamento de responsabilidade em caso de furto ou mesmo roubo de ve\u00edculo. Responder\u00e1, portanto, a empresa de estacionamento, pelo roubo ou furto acontecido em ve\u00edculo sob sua guarda. Nesse sentido v\u00eam decidindo os tribunais:\u201cIndeniza\u00e7\u00e3o. Roubo de ve\u00edculo em estacionamento. Responsabilidade. A ocorr\u00eancia de roubo n\u00e3o constitui causa excludente da responsabilidade da empresa exploradora do estacionamento, pois a obriga\u00e7\u00e3o de prestar seguran\u00e7a se acha \u00ednsita ao ramo de atividade por ela exercida. Precedentes da Quarta Turma\u201d. (STJ, REsp. 230.180). A quest\u00e3o, contudo, \u00e9 pol\u00eamica, havendo julgados em sentidos diversos.<\/p>\n<p>&nbsp;<\/p>\n<p>Um dos argumentos da jurisprud\u00eancia, a prop\u00f3sito, \u00e9 que o risco \u00e9 inerente \u00e0 atividade, integrando o contrato de dep\u00f3sito. Deve por isso se cercar das cautelas pr\u00f3prias: \u201cA empresa que explora o servi\u00e7o de estacionamento de ve\u00edculos \u00e9 respons\u00e1vel pela eficiente guarda e conserva\u00e7\u00e3o dos mesmos, devendo, por isso, empreender todos os esfor\u00e7os necess\u00e1rios a tanto, dotando o local de sistema de vigil\u00e2ncia adequado ao mister que se prop\u00f5e realizar, desservindo, como excludente, a t\u00edtulo de for\u00e7a maior, haver sofrido roubo, fato absolutamente previs\u00edvel em atividade dessa natureza, mormente dado o elevado valor dos bens que lhe s\u00e3o confiados, altamente visados por marginais, por servirem, inclusive, como instrumento \u00e0 pr\u00e1tica de outros crimes\u201d (STJ, REsp. 303.776). Portanto, ainda que inevit\u00e1vel, pelo roubo \u00e0 m\u00e3o armada responde o estacionamento, n\u00e3o sendo l\u00edcito imputar-se o dano ao consumidor. A pr\u00e1tica empresarial recomenda, em casos tais, a contrata\u00e7\u00e3o de seguro, como forma de preservar a sa\u00fade financeira da empresa frente a semelhantes danos, geralmente vultosos.<\/p>\n<p>&nbsp;<\/p>\n<p>S\u00e3o nulas as cl\u00e1usulas que busquem afastar ou mesmo atenuar a responsabilidade do dono do estacionamento (CDC, art. 25: \u201c\u00c9 vedada a estipula\u00e7\u00e3o contratual de cl\u00e1usula que impossibilite, exonere ou atenue a obriga\u00e7\u00e3o de indenizar prevista nesta e nas se\u00e7\u00f5es anteriores\u201d). Pouco importa que a cl\u00e1usula seja expressa em contratos impressos, avisos, cartazes, ticket\u2019s. Em qualquer dos casos n\u00e3o valer\u00e1. Se, digamos, um cliente deixa, dentro do carro estacionado, um computador port\u00e1til, que desaparece em virtude do arrombamento do ve\u00edculo, de nada valer\u00e3o as disposi\u00e7\u00f5es excludentes da responsabilidade do estacionamento.<\/p>\n<p>&nbsp;<\/p>\n<p>Tudo isso, enfim, s\u00e3o respostas jur\u00eddicas, mais ou menos eficientes, a quest\u00f5es que envolvem viol\u00eancia urbana. A verdade \u00e9 que a viol\u00eancia, f\u00edsica ou moral, deixa marcas, revolta, faz sofrer. \u00c9 muito dif\u00edcil n\u00e3o odiar quem nos prejudicou. Talvez o desafio esteja justamente a\u00ed. Arist\u00f3teles, h\u00e1 muitos s\u00e9culos, aconselhou: \u201cN\u00e3o pensem mal dos que procedem mal. Pensem apenas que est\u00e3o enganados\u201d.<\/p>\n<p>&nbsp;<\/p>\n<p>&nbsp;<\/p>\n<p>&nbsp;<\/p>\n<p>&nbsp;<\/p>\n<p>&nbsp;<\/p>\n<p>&nbsp;<\/p>\n<p>&nbsp;<\/p>\n<p>&nbsp;<\/p>\n<p>&nbsp;<\/p>\n<p>&nbsp;<\/p>\n<p>&nbsp;<\/p>\n<p>&nbsp;<\/p>\n<p>&nbsp;<\/p>\n<p>&nbsp;<\/p>\n<p>&nbsp;<\/p>\n<p>&nbsp;<\/p>\n","protected":false},"excerpt":{"rendered":"<p>Viver no s\u00e9culo XXI tem suas vantagens. Tecnologias, informa\u00e7\u00e3o, velocidade. Tem, por outro lado, como tudo, desvantagens. Ningu\u00e9m suporta o tr\u00e2nsito ca\u00f3tico, a viol\u00eancia atinge n\u00edveis absurdos, o simples fato de encontrar uma vaga para estacionar, muitas vezes, torna-se aut\u00eantico supl\u00edcio. &nbsp; Para atender a essa necessidade de muitos de n\u00f3s \u2013 especialmente nos grandes [&hellip;]<\/p>\n","protected":false},"author":91,"featured_media":11819,"comment_status":"open","ping_status":"open","sticky":false,"template":"","format":"standard","meta":{"_acf_changed":false,"footnotes":""},"categories":[1,255],"tags":[],"class_list":["post-11818","post","type-post","status-publish","format-standard","has-post-thumbnail","hentry","category-artigos","category-direito-civil"],"acf":[],"yoast_head":"<!-- This site is optimized with the Yoast SEO plugin v24.8.1 - https:\/\/yoast.com\/wordpress\/plugins\/seo\/ -->\n<title>VANTAGENS E DESVANTAGENS DO S\u00c9CULO XXI: UM ASPECTO PROSAICO - Meu site jur\u00eddico<\/title>\n<meta name=\"robots\" content=\"index, follow, max-snippet:-1, max-image-preview:large, max-video-preview:-1\" \/>\n<link rel=\"canonical\" href=\"https:\/\/meusitejuridico.editorajuspodivm.com.br\/2020\/08\/27\/vantagens-e-desvantagens-seculo-xxi-um-aspecto-prosaico\/\" \/>\n<meta property=\"og:locale\" content=\"pt_BR\" \/>\n<meta property=\"og:type\" content=\"article\" \/>\n<meta property=\"og:title\" content=\"VANTAGENS E DESVANTAGENS DO S\u00c9CULO XXI: UM ASPECTO PROSAICO - Meu site jur\u00eddico\" \/>\n<meta property=\"og:description\" content=\"Viver no s\u00e9culo XXI tem suas vantagens. Tecnologias, informa\u00e7\u00e3o, velocidade. Tem, por outro lado, como tudo, desvantagens. Ningu\u00e9m suporta o tr\u00e2nsito ca\u00f3tico, a viol\u00eancia atinge n\u00edveis absurdos, o simples fato de encontrar uma vaga para estacionar, muitas vezes, torna-se aut\u00eantico supl\u00edcio. &nbsp; Para atender a essa necessidade de muitos de n\u00f3s \u2013 especialmente nos grandes [&hellip;]\" \/>\n<meta property=\"og:url\" content=\"https:\/\/meusitejuridico.editorajuspodivm.com.br\/2020\/08\/27\/vantagens-e-desvantagens-seculo-xxi-um-aspecto-prosaico\/\" \/>\n<meta property=\"og:site_name\" content=\"Meu site jur\u00eddico\" \/>\n<meta property=\"article:published_time\" content=\"2020-08-27T22:08:18+00:00\" \/>\n<meta property=\"article:modified_time\" content=\"2022-01-18T19:31:03+00:00\" \/>\n<meta property=\"og:image\" content=\"https:\/\/meusitejuridico.editorajuspodivm.com.br\/s.meusitejuridico\/2020\/08\/f992e36d-shutterstock-1499306735.jpg\" \/>\n\t<meta property=\"og:image:width\" content=\"1000\" \/>\n\t<meta property=\"og:image:height\" content=\"416\" \/>\n\t<meta property=\"og:image:type\" content=\"image\/jpeg\" \/>\n<meta name=\"author\" content=\"Felipe Braga Netto\" \/>\n<meta name=\"twitter:card\" content=\"summary_large_image\" \/>\n<meta name=\"twitter:label1\" content=\"Escrito por\" \/>\n\t<meta name=\"twitter:data1\" content=\"Felipe Braga Netto\" \/>\n\t<meta name=\"twitter:label2\" content=\"Est. tempo de leitura\" \/>\n\t<meta name=\"twitter:data2\" content=\"5 minutos\" \/>\n<script type=\"application\/ld+json\" class=\"yoast-schema-graph\">{\"@context\":\"https:\/\/schema.org\",\"@graph\":[{\"@type\":\"Article\",\"@id\":\"https:\/\/meusitejuridico.editorajuspodivm.com.br\/2020\/08\/27\/vantagens-e-desvantagens-seculo-xxi-um-aspecto-prosaico\/#article\",\"isPartOf\":{\"@id\":\"https:\/\/meusitejuridico.editorajuspodivm.com.br\/2020\/08\/27\/vantagens-e-desvantagens-seculo-xxi-um-aspecto-prosaico\/\"},\"author\":{\"name\":\"Felipe Braga Netto\",\"@id\":\"https:\/\/cdn.meusitejuridico.com.br\/#\/schema\/person\/144ad40d907f2c1d73fc6b431f000178\"},\"headline\":\"VANTAGENS E DESVANTAGENS DO S\u00c9CULO XXI: UM ASPECTO PROSAICO\",\"datePublished\":\"2020-08-27T22:08:18+00:00\",\"dateModified\":\"2022-01-18T19:31:03+00:00\",\"mainEntityOfPage\":{\"@id\":\"https:\/\/meusitejuridico.editorajuspodivm.com.br\/2020\/08\/27\/vantagens-e-desvantagens-seculo-xxi-um-aspecto-prosaico\/\"},\"wordCount\":964,\"commentCount\":0,\"publisher\":{\"@id\":\"https:\/\/cdn.meusitejuridico.com.br\/#organization\"},\"image\":{\"@id\":\"https:\/\/meusitejuridico.editorajuspodivm.com.br\/2020\/08\/27\/vantagens-e-desvantagens-seculo-xxi-um-aspecto-prosaico\/#primaryimage\"},\"thumbnailUrl\":\"https:\/\/webmail.meusitejuridico.com.br\/s.meusitejuridico\/2020\/08\/f992e36d-shutterstock-1499306735.jpg\",\"articleSection\":[\"Artigos\",\"Direito Civil\"],\"inLanguage\":\"pt-BR\",\"potentialAction\":[{\"@type\":\"CommentAction\",\"name\":\"Comment\",\"target\":[\"https:\/\/meusitejuridico.editorajuspodivm.com.br\/2020\/08\/27\/vantagens-e-desvantagens-seculo-xxi-um-aspecto-prosaico\/#respond\"]}]},{\"@type\":\"WebPage\",\"@id\":\"https:\/\/meusitejuridico.editorajuspodivm.com.br\/2020\/08\/27\/vantagens-e-desvantagens-seculo-xxi-um-aspecto-prosaico\/\",\"url\":\"https:\/\/meusitejuridico.editorajuspodivm.com.br\/2020\/08\/27\/vantagens-e-desvantagens-seculo-xxi-um-aspecto-prosaico\/\",\"name\":\"VANTAGENS E DESVANTAGENS DO S\u00c9CULO XXI: UM ASPECTO PROSAICO - Meu site jur\u00eddico\",\"isPartOf\":{\"@id\":\"https:\/\/cdn.meusitejuridico.com.br\/#website\"},\"primaryImageOfPage\":{\"@id\":\"https:\/\/meusitejuridico.editorajuspodivm.com.br\/2020\/08\/27\/vantagens-e-desvantagens-seculo-xxi-um-aspecto-prosaico\/#primaryimage\"},\"image\":{\"@id\":\"https:\/\/meusitejuridico.editorajuspodivm.com.br\/2020\/08\/27\/vantagens-e-desvantagens-seculo-xxi-um-aspecto-prosaico\/#primaryimage\"},\"thumbnailUrl\":\"https:\/\/webmail.meusitejuridico.com.br\/s.meusitejuridico\/2020\/08\/f992e36d-shutterstock-1499306735.jpg\",\"datePublished\":\"2020-08-27T22:08:18+00:00\",\"dateModified\":\"2022-01-18T19:31:03+00:00\",\"breadcrumb\":{\"@id\":\"https:\/\/meusitejuridico.editorajuspodivm.com.br\/2020\/08\/27\/vantagens-e-desvantagens-seculo-xxi-um-aspecto-prosaico\/#breadcrumb\"},\"inLanguage\":\"pt-BR\",\"potentialAction\":[{\"@type\":\"ReadAction\",\"target\":[\"https:\/\/meusitejuridico.editorajuspodivm.com.br\/2020\/08\/27\/vantagens-e-desvantagens-seculo-xxi-um-aspecto-prosaico\/\"]}]},{\"@type\":\"ImageObject\",\"inLanguage\":\"pt-BR\",\"@id\":\"https:\/\/meusitejuridico.editorajuspodivm.com.br\/2020\/08\/27\/vantagens-e-desvantagens-seculo-xxi-um-aspecto-prosaico\/#primaryimage\",\"url\":\"https:\/\/webmail.meusitejuridico.com.br\/s.meusitejuridico\/2020\/08\/f992e36d-shutterstock-1499306735.jpg\",\"contentUrl\":\"https:\/\/webmail.meusitejuridico.com.br\/s.meusitejuridico\/2020\/08\/f992e36d-shutterstock-1499306735.jpg\",\"width\":1000,\"height\":416},{\"@type\":\"BreadcrumbList\",\"@id\":\"https:\/\/meusitejuridico.editorajuspodivm.com.br\/2020\/08\/27\/vantagens-e-desvantagens-seculo-xxi-um-aspecto-prosaico\/#breadcrumb\",\"itemListElement\":[{\"@type\":\"ListItem\",\"position\":1,\"name\":\"In\u00edcio\",\"item\":\"https:\/\/cdn.meusitejuridico.com.br\/\"},{\"@type\":\"ListItem\",\"position\":2,\"name\":\"VANTAGENS E DESVANTAGENS DO S\u00c9CULO XXI: UM ASPECTO PROSAICO\"}]},{\"@type\":\"WebSite\",\"@id\":\"https:\/\/cdn.meusitejuridico.com.br\/#website\",\"url\":\"https:\/\/cdn.meusitejuridico.com.br\/\",\"name\":\"Meu site jur\u00eddico\",\"description\":\"Meu site jur\u00eddico\",\"publisher\":{\"@id\":\"https:\/\/cdn.meusitejuridico.com.br\/#organization\"},\"potentialAction\":[{\"@type\":\"SearchAction\",\"target\":{\"@type\":\"EntryPoint\",\"urlTemplate\":\"https:\/\/cdn.meusitejuridico.com.br\/?s={search_term_string}\"},\"query-input\":{\"@type\":\"PropertyValueSpecification\",\"valueRequired\":true,\"valueName\":\"search_term_string\"}}],\"inLanguage\":\"pt-BR\"},{\"@type\":\"Organization\",\"@id\":\"https:\/\/cdn.meusitejuridico.com.br\/#organization\",\"name\":\"Meu site jur\u00eddico\",\"url\":\"https:\/\/cdn.meusitejuridico.com.br\/\",\"logo\":{\"@type\":\"ImageObject\",\"inLanguage\":\"pt-BR\",\"@id\":\"https:\/\/cdn.meusitejuridico.com.br\/#\/schema\/logo\/image\/\",\"url\":\"https:\/\/webmail.meusitejuridico.com.br\/s.meusitejuridico\/2022\/03\/cropped-baeec2a3-msj-02-01-01.png\",\"contentUrl\":\"https:\/\/webmail.meusitejuridico.com.br\/s.meusitejuridico\/2022\/03\/cropped-baeec2a3-msj-02-01-01.png\",\"width\":349,\"height\":243,\"caption\":\"Meu site jur\u00eddico\"},\"image\":{\"@id\":\"https:\/\/cdn.meusitejuridico.com.br\/#\/schema\/logo\/image\/\"}},{\"@type\":\"Person\",\"@id\":\"https:\/\/cdn.meusitejuridico.com.br\/#\/schema\/person\/144ad40d907f2c1d73fc6b431f000178\",\"name\":\"Felipe Braga Netto\",\"image\":{\"@type\":\"ImageObject\",\"inLanguage\":\"pt-BR\",\"@id\":\"https:\/\/cdn.meusitejuridico.com.br\/#\/schema\/person\/image\/\",\"url\":\"https:\/\/webmail.meusitejuridico.com.br\/s.meusitejuridico\/2019\/05\/e6c75c8c-felipe-braga-netto-150x150.jpg\",\"contentUrl\":\"https:\/\/webmail.meusitejuridico.com.br\/s.meusitejuridico\/2019\/05\/e6c75c8c-felipe-braga-netto-150x150.jpg\",\"caption\":\"Felipe Braga Netto\"},\"description\":\"Membro do Minist\u00e9rio P\u00fablico Federal (Procurador da Rep\u00fablica). Doutor pela Pontif\u00edcia Universidade Cat\u00f3lica do Rio de Janeiro. Mestre pela Universidade Federal de Pernambuco. Procurador Regional Eleitoral de Minas Gerais (2010\/2012). Professor de Direito Civil e Direito do Consumidor da Dom Helder \u2013 Escola de Direito (2003\/2017). Professor de Teoria Geral do Direito, Direito Civil e Direito do Consumidor da PUC-MINAS (2002\/2006). Professor da Escola Superior do Minist\u00e9rio P\u00fablico da Uni\u00e3o \u2013 ESMPU. Professor nas Escolas de Magistratura de Minas Gerais e do Esp\u00edrito Santo. Publicou cap\u00edtulos de livros em 28 obras coletivas.\",\"sameAs\":[\"https:\/\/www.instagram.com\/felipebraganetto\/\"],\"url\":\"https:\/\/webmail.meusitejuridico.com.br\/author\/felipe-braga-netto\/\"}]}<\/script>\n<!-- \/ Yoast SEO plugin. -->","yoast_head_json":{"title":"VANTAGENS E DESVANTAGENS DO S\u00c9CULO XXI: UM ASPECTO PROSAICO - Meu site jur\u00eddico","robots":{"index":"index","follow":"follow","max-snippet":"max-snippet:-1","max-image-preview":"max-image-preview:large","max-video-preview":"max-video-preview:-1"},"canonical":"https:\/\/meusitejuridico.editorajuspodivm.com.br\/2020\/08\/27\/vantagens-e-desvantagens-seculo-xxi-um-aspecto-prosaico\/","og_locale":"pt_BR","og_type":"article","og_title":"VANTAGENS E DESVANTAGENS DO S\u00c9CULO XXI: UM ASPECTO PROSAICO - Meu site jur\u00eddico","og_description":"Viver no s\u00e9culo XXI tem suas vantagens. Tecnologias, informa\u00e7\u00e3o, velocidade. Tem, por outro lado, como tudo, desvantagens. Ningu\u00e9m suporta o tr\u00e2nsito ca\u00f3tico, a viol\u00eancia atinge n\u00edveis absurdos, o simples fato de encontrar uma vaga para estacionar, muitas vezes, torna-se aut\u00eantico supl\u00edcio. &nbsp; Para atender a essa necessidade de muitos de n\u00f3s \u2013 especialmente nos grandes [&hellip;]","og_url":"https:\/\/meusitejuridico.editorajuspodivm.com.br\/2020\/08\/27\/vantagens-e-desvantagens-seculo-xxi-um-aspecto-prosaico\/","og_site_name":"Meu site jur\u00eddico","article_published_time":"2020-08-27T22:08:18+00:00","article_modified_time":"2022-01-18T19:31:03+00:00","og_image":[{"width":1000,"height":416,"url":"https:\/\/meusitejuridico.editorajuspodivm.com.br\/s.meusitejuridico\/2020\/08\/f992e36d-shutterstock-1499306735.jpg","type":"image\/jpeg"}],"author":"Felipe Braga Netto","twitter_card":"summary_large_image","twitter_misc":{"Escrito por":"Felipe Braga Netto","Est. tempo de leitura":"5 minutos"},"schema":{"@context":"https:\/\/schema.org","@graph":[{"@type":"Article","@id":"https:\/\/meusitejuridico.editorajuspodivm.com.br\/2020\/08\/27\/vantagens-e-desvantagens-seculo-xxi-um-aspecto-prosaico\/#article","isPartOf":{"@id":"https:\/\/meusitejuridico.editorajuspodivm.com.br\/2020\/08\/27\/vantagens-e-desvantagens-seculo-xxi-um-aspecto-prosaico\/"},"author":{"name":"Felipe Braga Netto","@id":"https:\/\/cdn.meusitejuridico.com.br\/#\/schema\/person\/144ad40d907f2c1d73fc6b431f000178"},"headline":"VANTAGENS E DESVANTAGENS DO S\u00c9CULO XXI: UM ASPECTO PROSAICO","datePublished":"2020-08-27T22:08:18+00:00","dateModified":"2022-01-18T19:31:03+00:00","mainEntityOfPage":{"@id":"https:\/\/meusitejuridico.editorajuspodivm.com.br\/2020\/08\/27\/vantagens-e-desvantagens-seculo-xxi-um-aspecto-prosaico\/"},"wordCount":964,"commentCount":0,"publisher":{"@id":"https:\/\/cdn.meusitejuridico.com.br\/#organization"},"image":{"@id":"https:\/\/meusitejuridico.editorajuspodivm.com.br\/2020\/08\/27\/vantagens-e-desvantagens-seculo-xxi-um-aspecto-prosaico\/#primaryimage"},"thumbnailUrl":"https:\/\/webmail.meusitejuridico.com.br\/s.meusitejuridico\/2020\/08\/f992e36d-shutterstock-1499306735.jpg","articleSection":["Artigos","Direito Civil"],"inLanguage":"pt-BR","potentialAction":[{"@type":"CommentAction","name":"Comment","target":["https:\/\/meusitejuridico.editorajuspodivm.com.br\/2020\/08\/27\/vantagens-e-desvantagens-seculo-xxi-um-aspecto-prosaico\/#respond"]}]},{"@type":"WebPage","@id":"https:\/\/meusitejuridico.editorajuspodivm.com.br\/2020\/08\/27\/vantagens-e-desvantagens-seculo-xxi-um-aspecto-prosaico\/","url":"https:\/\/meusitejuridico.editorajuspodivm.com.br\/2020\/08\/27\/vantagens-e-desvantagens-seculo-xxi-um-aspecto-prosaico\/","name":"VANTAGENS E DESVANTAGENS DO S\u00c9CULO XXI: UM ASPECTO PROSAICO - Meu site jur\u00eddico","isPartOf":{"@id":"https:\/\/cdn.meusitejuridico.com.br\/#website"},"primaryImageOfPage":{"@id":"https:\/\/meusitejuridico.editorajuspodivm.com.br\/2020\/08\/27\/vantagens-e-desvantagens-seculo-xxi-um-aspecto-prosaico\/#primaryimage"},"image":{"@id":"https:\/\/meusitejuridico.editorajuspodivm.com.br\/2020\/08\/27\/vantagens-e-desvantagens-seculo-xxi-um-aspecto-prosaico\/#primaryimage"},"thumbnailUrl":"https:\/\/webmail.meusitejuridico.com.br\/s.meusitejuridico\/2020\/08\/f992e36d-shutterstock-1499306735.jpg","datePublished":"2020-08-27T22:08:18+00:00","dateModified":"2022-01-18T19:31:03+00:00","breadcrumb":{"@id":"https:\/\/meusitejuridico.editorajuspodivm.com.br\/2020\/08\/27\/vantagens-e-desvantagens-seculo-xxi-um-aspecto-prosaico\/#breadcrumb"},"inLanguage":"pt-BR","potentialAction":[{"@type":"ReadAction","target":["https:\/\/meusitejuridico.editorajuspodivm.com.br\/2020\/08\/27\/vantagens-e-desvantagens-seculo-xxi-um-aspecto-prosaico\/"]}]},{"@type":"ImageObject","inLanguage":"pt-BR","@id":"https:\/\/meusitejuridico.editorajuspodivm.com.br\/2020\/08\/27\/vantagens-e-desvantagens-seculo-xxi-um-aspecto-prosaico\/#primaryimage","url":"https:\/\/webmail.meusitejuridico.com.br\/s.meusitejuridico\/2020\/08\/f992e36d-shutterstock-1499306735.jpg","contentUrl":"https:\/\/webmail.meusitejuridico.com.br\/s.meusitejuridico\/2020\/08\/f992e36d-shutterstock-1499306735.jpg","width":1000,"height":416},{"@type":"BreadcrumbList","@id":"https:\/\/meusitejuridico.editorajuspodivm.com.br\/2020\/08\/27\/vantagens-e-desvantagens-seculo-xxi-um-aspecto-prosaico\/#breadcrumb","itemListElement":[{"@type":"ListItem","position":1,"name":"In\u00edcio","item":"https:\/\/cdn.meusitejuridico.com.br\/"},{"@type":"ListItem","position":2,"name":"VANTAGENS E DESVANTAGENS DO S\u00c9CULO XXI: UM ASPECTO PROSAICO"}]},{"@type":"WebSite","@id":"https:\/\/cdn.meusitejuridico.com.br\/#website","url":"https:\/\/cdn.meusitejuridico.com.br\/","name":"Meu site jur\u00eddico","description":"Meu site jur\u00eddico","publisher":{"@id":"https:\/\/cdn.meusitejuridico.com.br\/#organization"},"potentialAction":[{"@type":"SearchAction","target":{"@type":"EntryPoint","urlTemplate":"https:\/\/cdn.meusitejuridico.com.br\/?s={search_term_string}"},"query-input":{"@type":"PropertyValueSpecification","valueRequired":true,"valueName":"search_term_string"}}],"inLanguage":"pt-BR"},{"@type":"Organization","@id":"https:\/\/cdn.meusitejuridico.com.br\/#organization","name":"Meu site jur\u00eddico","url":"https:\/\/cdn.meusitejuridico.com.br\/","logo":{"@type":"ImageObject","inLanguage":"pt-BR","@id":"https:\/\/cdn.meusitejuridico.com.br\/#\/schema\/logo\/image\/","url":"https:\/\/webmail.meusitejuridico.com.br\/s.meusitejuridico\/2022\/03\/cropped-baeec2a3-msj-02-01-01.png","contentUrl":"https:\/\/webmail.meusitejuridico.com.br\/s.meusitejuridico\/2022\/03\/cropped-baeec2a3-msj-02-01-01.png","width":349,"height":243,"caption":"Meu site jur\u00eddico"},"image":{"@id":"https:\/\/cdn.meusitejuridico.com.br\/#\/schema\/logo\/image\/"}},{"@type":"Person","@id":"https:\/\/cdn.meusitejuridico.com.br\/#\/schema\/person\/144ad40d907f2c1d73fc6b431f000178","name":"Felipe Braga Netto","image":{"@type":"ImageObject","inLanguage":"pt-BR","@id":"https:\/\/cdn.meusitejuridico.com.br\/#\/schema\/person\/image\/","url":"https:\/\/webmail.meusitejuridico.com.br\/s.meusitejuridico\/2019\/05\/e6c75c8c-felipe-braga-netto-150x150.jpg","contentUrl":"https:\/\/webmail.meusitejuridico.com.br\/s.meusitejuridico\/2019\/05\/e6c75c8c-felipe-braga-netto-150x150.jpg","caption":"Felipe Braga Netto"},"description":"Membro do Minist\u00e9rio P\u00fablico Federal (Procurador da Rep\u00fablica). Doutor pela Pontif\u00edcia Universidade Cat\u00f3lica do Rio de Janeiro. Mestre pela Universidade Federal de Pernambuco. Procurador Regional Eleitoral de Minas Gerais (2010\/2012). Professor de Direito Civil e Direito do Consumidor da Dom Helder \u2013 Escola de Direito (2003\/2017). Professor de Teoria Geral do Direito, Direito Civil e Direito do Consumidor da PUC-MINAS (2002\/2006). Professor da Escola Superior do Minist\u00e9rio P\u00fablico da Uni\u00e3o \u2013 ESMPU. Professor nas Escolas de Magistratura de Minas Gerais e do Esp\u00edrito Santo. Publicou cap\u00edtulos de livros em 28 obras coletivas.","sameAs":["https:\/\/www.instagram.com\/felipebraganetto\/"],"url":"https:\/\/webmail.meusitejuridico.com.br\/author\/felipe-braga-netto\/"}]}},"_links":{"self":[{"href":"https:\/\/webmail.meusitejuridico.com.br\/api\/wp\/v2\/posts\/11818","targetHints":{"allow":["GET"]}}],"collection":[{"href":"https:\/\/webmail.meusitejuridico.com.br\/api\/wp\/v2\/posts"}],"about":[{"href":"https:\/\/webmail.meusitejuridico.com.br\/api\/wp\/v2\/types\/post"}],"author":[{"embeddable":true,"href":"https:\/\/webmail.meusitejuridico.com.br\/api\/wp\/v2\/users\/91"}],"replies":[{"embeddable":true,"href":"https:\/\/webmail.meusitejuridico.com.br\/api\/wp\/v2\/comments?post=11818"}],"version-history":[{"count":1,"href":"https:\/\/webmail.meusitejuridico.com.br\/api\/wp\/v2\/posts\/11818\/revisions"}],"predecessor-version":[{"id":11820,"href":"https:\/\/webmail.meusitejuridico.com.br\/api\/wp\/v2\/posts\/11818\/revisions\/11820"}],"wp:featuredmedia":[{"embeddable":true,"href":"https:\/\/webmail.meusitejuridico.com.br\/api\/wp\/v2\/media\/11819"}],"wp:attachment":[{"href":"https:\/\/webmail.meusitejuridico.com.br\/api\/wp\/v2\/media?parent=11818"}],"wp:term":[{"taxonomy":"category","embeddable":true,"href":"https:\/\/webmail.meusitejuridico.com.br\/api\/wp\/v2\/categories?post=11818"},{"taxonomy":"post_tag","embeddable":true,"href":"https:\/\/webmail.meusitejuridico.com.br\/api\/wp\/v2\/tags?post=11818"}],"curies":[{"name":"wp","href":"https:\/\/api.w.org\/{rel}","templated":true}]}}