{"id":11235,"date":"2020-06-05T19:00:18","date_gmt":"2020-06-05T22:00:18","guid":{"rendered":"https:\/\/meusitejuridico.editorajuspodivm.com.br\/?p=11235"},"modified":"2022-01-18T16:31:05","modified_gmt":"2022-01-18T19:31:05","slug":"o-novo-como-um-depositario-da-tradicao","status":"publish","type":"post","link":"https:\/\/webmail.meusitejuridico.com.br\/2020\/06\/05\/o-novo-como-um-depositario-da-tradicao\/","title":{"rendered":"O novo como um deposit\u00e1rio da tradi\u00e7\u00e3o"},"content":{"rendered":"<p>\u00c9 comum o exagero ao se comentar as novas legisla\u00e7\u00f5es. Esse exagero pode se apresentar de v\u00e1rias formas: o apego exagerado \u00e0 letra da nova lei, numa rever\u00eancia religiosa \u00e0s suas disposi\u00e7\u00f5es; o exagero niilista, que nada v\u00ea de aproveit\u00e1vel, e tudo quer destruir; e o exagero em super-dimensionar as mudan\u00e7as, potencializando, cegamente, certas altera\u00e7\u00f5es, como se fossem a reinven\u00e7\u00e3o da roda.<\/p>\n<p>\u00c9 prudente, portanto, evitar excessos. Como afirmamos certa vez, o novo n\u00e3o \u00e9 sin\u00f4nimo de qualidade te\u00f3rica. O autenticamente novo \u00e9 um fiel deposit\u00e1rio da tradi\u00e7\u00e3o.<\/p>\n<p>O que \u00e9 relativamente comum \u00e9 que os juristas, formados num ambiente metodol\u00f3gico de excessivo apego \u00e0s gramaticalidades, hesitam em concretizar, pela interpreta\u00e7\u00e3o, as op\u00e7\u00f5es valorativas presentes na Constitui\u00e7\u00e3o, preferindo aguardar que a lei confirme o que a Constitui\u00e7\u00e3o j\u00e1 disse.<\/p>\n<p>A quest\u00e3o \u00e9 mais profunda, e reflete a pr\u00f3pria forma\u00e7\u00e3o cultural do civilista. Ningu\u00e9m desconhece que os juristas, com o seu conservadorismo inteligente, n\u00e3o se sentem confort\u00e1veis com o novo. H\u00e1, quase sempre, um remodelamento, puramente cosm\u00e9tico, dos sistemas te\u00f3ricos conhecidos, mantendo-se, no essencial, as mesmas convic\u00e7\u00f5es formadas em outros contextos sociais.<\/p>\n<p>Poder\u00edamos abordar m\u00faltiplos pontos. Falaremos algo a respeito dos atos il\u00edcitos. N\u00e3o seria adequado desenvolver, nos limites desta coluna semanal, as m\u00faltiplas conex\u00f5es de sentido que os il\u00edcitos ensejam. Limitaremos nossas pondera\u00e7\u00f5es a um ponto b\u00e1sico: a substitui\u00e7\u00e3o, na an\u00e1lise dos casos, da fun\u00e7\u00e3o repressiva \u00e0 fun\u00e7\u00e3o preventiva.<\/p>\n<p>O senso comum te\u00f3rico confere, aos il\u00edcitos, uma efic\u00e1cia posterior ao dano, que n\u00e3o \u00e9 adequada \u00e0 prote\u00e7\u00e3o dos chamados novos direitos, os direitos extra-patrimoniais. O C\u00f3digo Civil insiste na vincula\u00e7\u00e3o, equivocada, da ilicitude \u00e0 repara\u00e7\u00e3o. O art. 927 tem a seguinte reda\u00e7\u00e3o: \u201cAquele que, por ato il\u00edcito, causar dano a outrem, \u00e9 obrigado a repar\u00e1-lo\u201d.<\/p>\n<p>O artigo tem inconvenientes. Faz supor, inicialmente, que apenas o ato il\u00edcito d\u00e1 ensejo \u00e0 repara\u00e7\u00e3o, o que n\u00e3o \u00e9 verdadeiro. Os atos praticados em leg\u00edtima defesa e em estado de necessidade, tamb\u00e9m podem obrigar a indenizar, e n\u00e3o s\u00e3o il\u00edcitos. O outro inconveniente \u2013 esse mais grave \u2013 \u00e9 a insist\u00eancia na repara\u00e7\u00e3o como o \u00fanico efeito poss\u00edvel que pode resultar de um il\u00edcito civil.<\/p>\n<p>Essa vincula\u00e7\u00e3o \u2013 da ilicitude \u00e0 repara\u00e7\u00e3o \u2013 n\u00e3o \u00e9 correta. E n\u00e3o \u00e9 correta por v\u00e1rias raz\u00f5es, seja porque outros efeitos existem, al\u00e9m da repara\u00e7\u00e3o (autoriza\u00e7\u00f5es, perda de direitos e pretens\u00f5es, etc), seja porque pressup\u00f5e, de forma metodologicamente distorcida, que devemos aguardar o dano, para s\u00f3 depois \u201cagir\u201d. A repara\u00e7\u00e3o, por sua pr\u00f3pria defini\u00e7\u00e3o, \u00e9 posterior ao il\u00edcito, vem depois de j\u00e1 ocorrido o dano. E para os novos direitos, os chamados direitos extrapatrimoniais, essa forma de tutela n\u00e3o \u00e9 a mais adequada.<\/p>\n<p>E por que n\u00e3o \u00e9 a mais adequada? Porque ela n\u00e3o impede a agress\u00e3o, a viola\u00e7\u00e3o ao bem jur\u00eddico. Ela apenas procura, depois de que agress\u00e3o aconteceu, recompor, com dinheiro ou com bens, aquela esfera jur\u00eddica atingida.<\/p>\n<p>No direito civil, s\u00f3 t\u00ednhamos tutela preventiva para o patrim\u00f4nio, com o interdito proibit\u00f3rio e a nuncia\u00e7\u00e3o de obra nova, rem\u00e9dios que protegem a posse e a propriedade. E a pessoa humana, onde fica? N\u00e3o t\u00ednhamos, no direito civil, uma figura semelhante ao mandado de seguran\u00e7a, que possa ser manejado de forma preventiva. Quer dizer, t\u00ednhamos no Projeto do C\u00f3digo do Consumidor, mas foi objeto de veto presidencial.<\/p>\n<p>O C\u00f3digo Civil, reconhe\u00e7a-se, traz, no art. 12, a possibilidade da tutela preventiva, ou inibit\u00f3ria, quando houver agress\u00e3o a direitos da personalidade. Trata-se da explicita\u00e7\u00e3o de algo que j\u00e1 existia, embora de forma impl\u00edcita, no sistema. Portanto, sempre que poss\u00edvel for, os direitos extrapatrimoniais devem ser protegidos de modo preventivo, com a tutela inibit\u00f3ria, que \u00e9 uma tutela que se tem por fim prevenir ou evitar o il\u00edcito civil.<\/p>\n<p>Podemos, portanto, com olhos mais atuais, encarar o il\u00edcito civil n\u00e3o apenas como uma categoria que enseja o dever de indenizar os danos causados, mas tamb\u00e9m como um instituto que permite uma atua\u00e7\u00e3o preventiva do sistema jur\u00eddico para evitar que os valores mais relevantes do sistema jur\u00eddico sejam agredidos. Em suma: em se tratando de direitos fundamentais, a atua\u00e7\u00e3o preventiva deve sempre ser buscada como op\u00e7\u00e3o privilegiada de prote\u00e7\u00e3o.<\/p>\n<p>George Eliot, pseud\u00f4nimo da escritora inglesa Mary Ann Evans, declarou que nunca \u00e9 tarde demais para ser o que voc\u00ea poderia ter sido. A frase tem l\u00e1 sua verdade, mas em se tratando de direitos fundamentais \u00e9 certo que a viola\u00e7\u00e3o, frequentemente, vem acompanhada do melanc\u00f3lico sabor da irreversibilidade.<\/p>\n","protected":false},"excerpt":{"rendered":"<p>\u00c9 comum o exagero ao se comentar as novas legisla\u00e7\u00f5es. Esse exagero pode se apresentar de v\u00e1rias formas: o apego exagerado \u00e0 letra da nova lei, numa rever\u00eancia religiosa \u00e0s suas disposi\u00e7\u00f5es; o exagero niilista, que nada v\u00ea de aproveit\u00e1vel, e tudo quer destruir; e o exagero em super-dimensionar as mudan\u00e7as, potencializando, cegamente, certas altera\u00e7\u00f5es, [&hellip;]<\/p>\n","protected":false},"author":91,"featured_media":7205,"comment_status":"open","ping_status":"open","sticky":false,"template":"","format":"standard","meta":{"_acf_changed":false,"footnotes":""},"categories":[1,255],"tags":[],"class_list":["post-11235","post","type-post","status-publish","format-standard","has-post-thumbnail","hentry","category-artigos","category-direito-civil"],"acf":[],"yoast_head":"<!-- This site is optimized with the Yoast SEO plugin v24.8.1 - https:\/\/yoast.com\/wordpress\/plugins\/seo\/ -->\n<title>O novo como um deposit\u00e1rio da tradi\u00e7\u00e3o - Meu site jur\u00eddico<\/title>\n<meta name=\"robots\" content=\"index, follow, max-snippet:-1, max-image-preview:large, max-video-preview:-1\" \/>\n<link rel=\"canonical\" href=\"https:\/\/cdn.meusitejuridico.com.br\/2020\/06\/05\/o-novo-como-um-depositario-da-tradicao\/\" \/>\n<meta property=\"og:locale\" content=\"pt_BR\" \/>\n<meta property=\"og:type\" content=\"article\" \/>\n<meta property=\"og:title\" content=\"O novo como um deposit\u00e1rio da tradi\u00e7\u00e3o - Meu site jur\u00eddico\" \/>\n<meta property=\"og:description\" content=\"\u00c9 comum o exagero ao se comentar as novas legisla\u00e7\u00f5es. Esse exagero pode se apresentar de v\u00e1rias formas: o apego exagerado \u00e0 letra da nova lei, numa rever\u00eancia religiosa \u00e0s suas disposi\u00e7\u00f5es; o exagero niilista, que nada v\u00ea de aproveit\u00e1vel, e tudo quer destruir; e o exagero em super-dimensionar as mudan\u00e7as, potencializando, cegamente, certas altera\u00e7\u00f5es, [&hellip;]\" \/>\n<meta property=\"og:url\" content=\"https:\/\/cdn.meusitejuridico.com.br\/2020\/06\/05\/o-novo-como-um-depositario-da-tradicao\/\" \/>\n<meta property=\"og:site_name\" content=\"Meu site jur\u00eddico\" \/>\n<meta property=\"article:published_time\" content=\"2020-06-05T22:00:18+00:00\" \/>\n<meta property=\"article:modified_time\" content=\"2022-01-18T19:31:05+00:00\" \/>\n<meta property=\"og:image\" content=\"https:\/\/cdn.meusitejuridico.com.br\/s.meusitejuridico\/2019\/01\/fdeb0fb3-whatsapp-image-2019-01-03-at-170930.jpeg\" \/>\n\t<meta property=\"og:image:width\" content=\"1280\" \/>\n\t<meta property=\"og:image:height\" content=\"720\" \/>\n\t<meta property=\"og:image:type\" content=\"image\/jpeg\" \/>\n<meta name=\"author\" content=\"Felipe Braga Netto\" \/>\n<meta name=\"twitter:card\" content=\"summary_large_image\" \/>\n<meta name=\"twitter:label1\" content=\"Escrito por\" \/>\n\t<meta name=\"twitter:data1\" content=\"Felipe Braga Netto\" \/>\n\t<meta name=\"twitter:label2\" content=\"Est. tempo de leitura\" \/>\n\t<meta name=\"twitter:data2\" content=\"4 minutos\" \/>\n<script type=\"application\/ld+json\" class=\"yoast-schema-graph\">{\"@context\":\"https:\/\/schema.org\",\"@graph\":[{\"@type\":\"Article\",\"@id\":\"https:\/\/cdn.meusitejuridico.com.br\/2020\/06\/05\/o-novo-como-um-depositario-da-tradicao\/#article\",\"isPartOf\":{\"@id\":\"https:\/\/cdn.meusitejuridico.com.br\/2020\/06\/05\/o-novo-como-um-depositario-da-tradicao\/\"},\"author\":{\"name\":\"Felipe Braga Netto\",\"@id\":\"https:\/\/cdn.meusitejuridico.com.br\/#\/schema\/person\/144ad40d907f2c1d73fc6b431f000178\"},\"headline\":\"O novo como um deposit\u00e1rio da tradi\u00e7\u00e3o\",\"datePublished\":\"2020-06-05T22:00:18+00:00\",\"dateModified\":\"2022-01-18T19:31:05+00:00\",\"mainEntityOfPage\":{\"@id\":\"https:\/\/cdn.meusitejuridico.com.br\/2020\/06\/05\/o-novo-como-um-depositario-da-tradicao\/\"},\"wordCount\":822,\"commentCount\":0,\"publisher\":{\"@id\":\"https:\/\/cdn.meusitejuridico.com.br\/#organization\"},\"image\":{\"@id\":\"https:\/\/cdn.meusitejuridico.com.br\/2020\/06\/05\/o-novo-como-um-depositario-da-tradicao\/#primaryimage\"},\"thumbnailUrl\":\"https:\/\/webmail.meusitejuridico.com.br\/s.meusitejuridico\/2019\/01\/fdeb0fb3-whatsapp-image-2019-01-03-at-170930.jpeg\",\"articleSection\":[\"Artigos\",\"Direito Civil\"],\"inLanguage\":\"pt-BR\",\"potentialAction\":[{\"@type\":\"CommentAction\",\"name\":\"Comment\",\"target\":[\"https:\/\/cdn.meusitejuridico.com.br\/2020\/06\/05\/o-novo-como-um-depositario-da-tradicao\/#respond\"]}]},{\"@type\":\"WebPage\",\"@id\":\"https:\/\/cdn.meusitejuridico.com.br\/2020\/06\/05\/o-novo-como-um-depositario-da-tradicao\/\",\"url\":\"https:\/\/cdn.meusitejuridico.com.br\/2020\/06\/05\/o-novo-como-um-depositario-da-tradicao\/\",\"name\":\"O novo como um deposit\u00e1rio da tradi\u00e7\u00e3o - Meu site jur\u00eddico\",\"isPartOf\":{\"@id\":\"https:\/\/cdn.meusitejuridico.com.br\/#website\"},\"primaryImageOfPage\":{\"@id\":\"https:\/\/cdn.meusitejuridico.com.br\/2020\/06\/05\/o-novo-como-um-depositario-da-tradicao\/#primaryimage\"},\"image\":{\"@id\":\"https:\/\/cdn.meusitejuridico.com.br\/2020\/06\/05\/o-novo-como-um-depositario-da-tradicao\/#primaryimage\"},\"thumbnailUrl\":\"https:\/\/webmail.meusitejuridico.com.br\/s.meusitejuridico\/2019\/01\/fdeb0fb3-whatsapp-image-2019-01-03-at-170930.jpeg\",\"datePublished\":\"2020-06-05T22:00:18+00:00\",\"dateModified\":\"2022-01-18T19:31:05+00:00\",\"breadcrumb\":{\"@id\":\"https:\/\/cdn.meusitejuridico.com.br\/2020\/06\/05\/o-novo-como-um-depositario-da-tradicao\/#breadcrumb\"},\"inLanguage\":\"pt-BR\",\"potentialAction\":[{\"@type\":\"ReadAction\",\"target\":[\"https:\/\/cdn.meusitejuridico.com.br\/2020\/06\/05\/o-novo-como-um-depositario-da-tradicao\/\"]}]},{\"@type\":\"ImageObject\",\"inLanguage\":\"pt-BR\",\"@id\":\"https:\/\/cdn.meusitejuridico.com.br\/2020\/06\/05\/o-novo-como-um-depositario-da-tradicao\/#primaryimage\",\"url\":\"https:\/\/webmail.meusitejuridico.com.br\/s.meusitejuridico\/2019\/01\/fdeb0fb3-whatsapp-image-2019-01-03-at-170930.jpeg\",\"contentUrl\":\"https:\/\/webmail.meusitejuridico.com.br\/s.meusitejuridico\/2019\/01\/fdeb0fb3-whatsapp-image-2019-01-03-at-170930.jpeg\",\"width\":1280,\"height\":720},{\"@type\":\"BreadcrumbList\",\"@id\":\"https:\/\/cdn.meusitejuridico.com.br\/2020\/06\/05\/o-novo-como-um-depositario-da-tradicao\/#breadcrumb\",\"itemListElement\":[{\"@type\":\"ListItem\",\"position\":1,\"name\":\"In\u00edcio\",\"item\":\"https:\/\/cdn.meusitejuridico.com.br\/\"},{\"@type\":\"ListItem\",\"position\":2,\"name\":\"O novo como um deposit\u00e1rio da tradi\u00e7\u00e3o\"}]},{\"@type\":\"WebSite\",\"@id\":\"https:\/\/cdn.meusitejuridico.com.br\/#website\",\"url\":\"https:\/\/cdn.meusitejuridico.com.br\/\",\"name\":\"Meu site jur\u00eddico\",\"description\":\"Meu site jur\u00eddico\",\"publisher\":{\"@id\":\"https:\/\/cdn.meusitejuridico.com.br\/#organization\"},\"potentialAction\":[{\"@type\":\"SearchAction\",\"target\":{\"@type\":\"EntryPoint\",\"urlTemplate\":\"https:\/\/cdn.meusitejuridico.com.br\/?s={search_term_string}\"},\"query-input\":{\"@type\":\"PropertyValueSpecification\",\"valueRequired\":true,\"valueName\":\"search_term_string\"}}],\"inLanguage\":\"pt-BR\"},{\"@type\":\"Organization\",\"@id\":\"https:\/\/cdn.meusitejuridico.com.br\/#organization\",\"name\":\"Meu site jur\u00eddico\",\"url\":\"https:\/\/cdn.meusitejuridico.com.br\/\",\"logo\":{\"@type\":\"ImageObject\",\"inLanguage\":\"pt-BR\",\"@id\":\"https:\/\/cdn.meusitejuridico.com.br\/#\/schema\/logo\/image\/\",\"url\":\"https:\/\/webmail.meusitejuridico.com.br\/s.meusitejuridico\/2022\/03\/cropped-baeec2a3-msj-02-01-01.png\",\"contentUrl\":\"https:\/\/webmail.meusitejuridico.com.br\/s.meusitejuridico\/2022\/03\/cropped-baeec2a3-msj-02-01-01.png\",\"width\":349,\"height\":243,\"caption\":\"Meu site jur\u00eddico\"},\"image\":{\"@id\":\"https:\/\/cdn.meusitejuridico.com.br\/#\/schema\/logo\/image\/\"}},{\"@type\":\"Person\",\"@id\":\"https:\/\/cdn.meusitejuridico.com.br\/#\/schema\/person\/144ad40d907f2c1d73fc6b431f000178\",\"name\":\"Felipe Braga Netto\",\"image\":{\"@type\":\"ImageObject\",\"inLanguage\":\"pt-BR\",\"@id\":\"https:\/\/cdn.meusitejuridico.com.br\/#\/schema\/person\/image\/\",\"url\":\"https:\/\/webmail.meusitejuridico.com.br\/s.meusitejuridico\/2019\/05\/e6c75c8c-felipe-braga-netto-150x150.jpg\",\"contentUrl\":\"https:\/\/webmail.meusitejuridico.com.br\/s.meusitejuridico\/2019\/05\/e6c75c8c-felipe-braga-netto-150x150.jpg\",\"caption\":\"Felipe Braga Netto\"},\"description\":\"Membro do Minist\u00e9rio P\u00fablico Federal (Procurador da Rep\u00fablica). Doutor pela Pontif\u00edcia Universidade Cat\u00f3lica do Rio de Janeiro. Mestre pela Universidade Federal de Pernambuco. Procurador Regional Eleitoral de Minas Gerais (2010\/2012). Professor de Direito Civil e Direito do Consumidor da Dom Helder \u2013 Escola de Direito (2003\/2017). Professor de Teoria Geral do Direito, Direito Civil e Direito do Consumidor da PUC-MINAS (2002\/2006). Professor da Escola Superior do Minist\u00e9rio P\u00fablico da Uni\u00e3o \u2013 ESMPU. Professor nas Escolas de Magistratura de Minas Gerais e do Esp\u00edrito Santo. Publicou cap\u00edtulos de livros em 28 obras coletivas.\",\"sameAs\":[\"https:\/\/www.instagram.com\/felipebraganetto\/\"],\"url\":\"https:\/\/webmail.meusitejuridico.com.br\/author\/felipe-braga-netto\/\"}]}<\/script>\n<!-- \/ Yoast SEO plugin. -->","yoast_head_json":{"title":"O novo como um deposit\u00e1rio da tradi\u00e7\u00e3o - Meu site jur\u00eddico","robots":{"index":"index","follow":"follow","max-snippet":"max-snippet:-1","max-image-preview":"max-image-preview:large","max-video-preview":"max-video-preview:-1"},"canonical":"https:\/\/cdn.meusitejuridico.com.br\/2020\/06\/05\/o-novo-como-um-depositario-da-tradicao\/","og_locale":"pt_BR","og_type":"article","og_title":"O novo como um deposit\u00e1rio da tradi\u00e7\u00e3o - Meu site jur\u00eddico","og_description":"\u00c9 comum o exagero ao se comentar as novas legisla\u00e7\u00f5es. Esse exagero pode se apresentar de v\u00e1rias formas: o apego exagerado \u00e0 letra da nova lei, numa rever\u00eancia religiosa \u00e0s suas disposi\u00e7\u00f5es; o exagero niilista, que nada v\u00ea de aproveit\u00e1vel, e tudo quer destruir; e o exagero em super-dimensionar as mudan\u00e7as, potencializando, cegamente, certas altera\u00e7\u00f5es, [&hellip;]","og_url":"https:\/\/cdn.meusitejuridico.com.br\/2020\/06\/05\/o-novo-como-um-depositario-da-tradicao\/","og_site_name":"Meu site jur\u00eddico","article_published_time":"2020-06-05T22:00:18+00:00","article_modified_time":"2022-01-18T19:31:05+00:00","og_image":[{"width":1280,"height":720,"url":"https:\/\/cdn.meusitejuridico.com.br\/s.meusitejuridico\/2019\/01\/fdeb0fb3-whatsapp-image-2019-01-03-at-170930.jpeg","type":"image\/jpeg"}],"author":"Felipe Braga Netto","twitter_card":"summary_large_image","twitter_misc":{"Escrito por":"Felipe Braga Netto","Est. tempo de leitura":"4 minutos"},"schema":{"@context":"https:\/\/schema.org","@graph":[{"@type":"Article","@id":"https:\/\/cdn.meusitejuridico.com.br\/2020\/06\/05\/o-novo-como-um-depositario-da-tradicao\/#article","isPartOf":{"@id":"https:\/\/cdn.meusitejuridico.com.br\/2020\/06\/05\/o-novo-como-um-depositario-da-tradicao\/"},"author":{"name":"Felipe Braga Netto","@id":"https:\/\/cdn.meusitejuridico.com.br\/#\/schema\/person\/144ad40d907f2c1d73fc6b431f000178"},"headline":"O novo como um deposit\u00e1rio da tradi\u00e7\u00e3o","datePublished":"2020-06-05T22:00:18+00:00","dateModified":"2022-01-18T19:31:05+00:00","mainEntityOfPage":{"@id":"https:\/\/cdn.meusitejuridico.com.br\/2020\/06\/05\/o-novo-como-um-depositario-da-tradicao\/"},"wordCount":822,"commentCount":0,"publisher":{"@id":"https:\/\/cdn.meusitejuridico.com.br\/#organization"},"image":{"@id":"https:\/\/cdn.meusitejuridico.com.br\/2020\/06\/05\/o-novo-como-um-depositario-da-tradicao\/#primaryimage"},"thumbnailUrl":"https:\/\/webmail.meusitejuridico.com.br\/s.meusitejuridico\/2019\/01\/fdeb0fb3-whatsapp-image-2019-01-03-at-170930.jpeg","articleSection":["Artigos","Direito Civil"],"inLanguage":"pt-BR","potentialAction":[{"@type":"CommentAction","name":"Comment","target":["https:\/\/cdn.meusitejuridico.com.br\/2020\/06\/05\/o-novo-como-um-depositario-da-tradicao\/#respond"]}]},{"@type":"WebPage","@id":"https:\/\/cdn.meusitejuridico.com.br\/2020\/06\/05\/o-novo-como-um-depositario-da-tradicao\/","url":"https:\/\/cdn.meusitejuridico.com.br\/2020\/06\/05\/o-novo-como-um-depositario-da-tradicao\/","name":"O novo como um deposit\u00e1rio da tradi\u00e7\u00e3o - Meu site jur\u00eddico","isPartOf":{"@id":"https:\/\/cdn.meusitejuridico.com.br\/#website"},"primaryImageOfPage":{"@id":"https:\/\/cdn.meusitejuridico.com.br\/2020\/06\/05\/o-novo-como-um-depositario-da-tradicao\/#primaryimage"},"image":{"@id":"https:\/\/cdn.meusitejuridico.com.br\/2020\/06\/05\/o-novo-como-um-depositario-da-tradicao\/#primaryimage"},"thumbnailUrl":"https:\/\/webmail.meusitejuridico.com.br\/s.meusitejuridico\/2019\/01\/fdeb0fb3-whatsapp-image-2019-01-03-at-170930.jpeg","datePublished":"2020-06-05T22:00:18+00:00","dateModified":"2022-01-18T19:31:05+00:00","breadcrumb":{"@id":"https:\/\/cdn.meusitejuridico.com.br\/2020\/06\/05\/o-novo-como-um-depositario-da-tradicao\/#breadcrumb"},"inLanguage":"pt-BR","potentialAction":[{"@type":"ReadAction","target":["https:\/\/cdn.meusitejuridico.com.br\/2020\/06\/05\/o-novo-como-um-depositario-da-tradicao\/"]}]},{"@type":"ImageObject","inLanguage":"pt-BR","@id":"https:\/\/cdn.meusitejuridico.com.br\/2020\/06\/05\/o-novo-como-um-depositario-da-tradicao\/#primaryimage","url":"https:\/\/webmail.meusitejuridico.com.br\/s.meusitejuridico\/2019\/01\/fdeb0fb3-whatsapp-image-2019-01-03-at-170930.jpeg","contentUrl":"https:\/\/webmail.meusitejuridico.com.br\/s.meusitejuridico\/2019\/01\/fdeb0fb3-whatsapp-image-2019-01-03-at-170930.jpeg","width":1280,"height":720},{"@type":"BreadcrumbList","@id":"https:\/\/cdn.meusitejuridico.com.br\/2020\/06\/05\/o-novo-como-um-depositario-da-tradicao\/#breadcrumb","itemListElement":[{"@type":"ListItem","position":1,"name":"In\u00edcio","item":"https:\/\/cdn.meusitejuridico.com.br\/"},{"@type":"ListItem","position":2,"name":"O novo como um deposit\u00e1rio da tradi\u00e7\u00e3o"}]},{"@type":"WebSite","@id":"https:\/\/cdn.meusitejuridico.com.br\/#website","url":"https:\/\/cdn.meusitejuridico.com.br\/","name":"Meu site jur\u00eddico","description":"Meu site jur\u00eddico","publisher":{"@id":"https:\/\/cdn.meusitejuridico.com.br\/#organization"},"potentialAction":[{"@type":"SearchAction","target":{"@type":"EntryPoint","urlTemplate":"https:\/\/cdn.meusitejuridico.com.br\/?s={search_term_string}"},"query-input":{"@type":"PropertyValueSpecification","valueRequired":true,"valueName":"search_term_string"}}],"inLanguage":"pt-BR"},{"@type":"Organization","@id":"https:\/\/cdn.meusitejuridico.com.br\/#organization","name":"Meu site jur\u00eddico","url":"https:\/\/cdn.meusitejuridico.com.br\/","logo":{"@type":"ImageObject","inLanguage":"pt-BR","@id":"https:\/\/cdn.meusitejuridico.com.br\/#\/schema\/logo\/image\/","url":"https:\/\/webmail.meusitejuridico.com.br\/s.meusitejuridico\/2022\/03\/cropped-baeec2a3-msj-02-01-01.png","contentUrl":"https:\/\/webmail.meusitejuridico.com.br\/s.meusitejuridico\/2022\/03\/cropped-baeec2a3-msj-02-01-01.png","width":349,"height":243,"caption":"Meu site jur\u00eddico"},"image":{"@id":"https:\/\/cdn.meusitejuridico.com.br\/#\/schema\/logo\/image\/"}},{"@type":"Person","@id":"https:\/\/cdn.meusitejuridico.com.br\/#\/schema\/person\/144ad40d907f2c1d73fc6b431f000178","name":"Felipe Braga Netto","image":{"@type":"ImageObject","inLanguage":"pt-BR","@id":"https:\/\/cdn.meusitejuridico.com.br\/#\/schema\/person\/image\/","url":"https:\/\/webmail.meusitejuridico.com.br\/s.meusitejuridico\/2019\/05\/e6c75c8c-felipe-braga-netto-150x150.jpg","contentUrl":"https:\/\/webmail.meusitejuridico.com.br\/s.meusitejuridico\/2019\/05\/e6c75c8c-felipe-braga-netto-150x150.jpg","caption":"Felipe Braga Netto"},"description":"Membro do Minist\u00e9rio P\u00fablico Federal (Procurador da Rep\u00fablica). Doutor pela Pontif\u00edcia Universidade Cat\u00f3lica do Rio de Janeiro. Mestre pela Universidade Federal de Pernambuco. Procurador Regional Eleitoral de Minas Gerais (2010\/2012). Professor de Direito Civil e Direito do Consumidor da Dom Helder \u2013 Escola de Direito (2003\/2017). Professor de Teoria Geral do Direito, Direito Civil e Direito do Consumidor da PUC-MINAS (2002\/2006). Professor da Escola Superior do Minist\u00e9rio P\u00fablico da Uni\u00e3o \u2013 ESMPU. Professor nas Escolas de Magistratura de Minas Gerais e do Esp\u00edrito Santo. Publicou cap\u00edtulos de livros em 28 obras coletivas.","sameAs":["https:\/\/www.instagram.com\/felipebraganetto\/"],"url":"https:\/\/webmail.meusitejuridico.com.br\/author\/felipe-braga-netto\/"}]}},"_links":{"self":[{"href":"https:\/\/webmail.meusitejuridico.com.br\/api\/wp\/v2\/posts\/11235","targetHints":{"allow":["GET"]}}],"collection":[{"href":"https:\/\/webmail.meusitejuridico.com.br\/api\/wp\/v2\/posts"}],"about":[{"href":"https:\/\/webmail.meusitejuridico.com.br\/api\/wp\/v2\/types\/post"}],"author":[{"embeddable":true,"href":"https:\/\/webmail.meusitejuridico.com.br\/api\/wp\/v2\/users\/91"}],"replies":[{"embeddable":true,"href":"https:\/\/webmail.meusitejuridico.com.br\/api\/wp\/v2\/comments?post=11235"}],"version-history":[{"count":1,"href":"https:\/\/webmail.meusitejuridico.com.br\/api\/wp\/v2\/posts\/11235\/revisions"}],"predecessor-version":[{"id":11236,"href":"https:\/\/webmail.meusitejuridico.com.br\/api\/wp\/v2\/posts\/11235\/revisions\/11236"}],"wp:featuredmedia":[{"embeddable":true,"href":"https:\/\/webmail.meusitejuridico.com.br\/api\/wp\/v2\/media\/7205"}],"wp:attachment":[{"href":"https:\/\/webmail.meusitejuridico.com.br\/api\/wp\/v2\/media?parent=11235"}],"wp:term":[{"taxonomy":"category","embeddable":true,"href":"https:\/\/webmail.meusitejuridico.com.br\/api\/wp\/v2\/categories?post=11235"},{"taxonomy":"post_tag","embeddable":true,"href":"https:\/\/webmail.meusitejuridico.com.br\/api\/wp\/v2\/tags?post=11235"}],"curies":[{"name":"wp","href":"https:\/\/api.w.org\/{rel}","templated":true}]}}