{"id":10796,"date":"2020-04-19T08:30:19","date_gmt":"2020-04-19T11:30:19","guid":{"rendered":"https:\/\/meusitejuridico.editorajuspodivm.com.br\/?p=10796"},"modified":"2020-04-17T08:25:46","modified_gmt":"2020-04-17T11:25:46","slug":"crimes-cometidos-em-embarcacoes-oficiais-brasileiras-em-alto-mar-sao-de-competencia-da-justica-brasileira-em-razao-principio-pavilhao","status":"publish","type":"post","link":"https:\/\/webmail.meusitejuridico.com.br\/2020\/04\/19\/crimes-cometidos-em-embarcacoes-oficiais-brasileiras-em-alto-mar-sao-de-competencia-da-justica-brasileira-em-razao-principio-pavilhao\/","title":{"rendered":"Crimes cometidos em embarca\u00e7\u00f5es oficiais brasileiras em alto mar s\u00e3o de compet\u00eancia da justi\u00e7a brasileira em raz\u00e3o do princ\u00edpio do pavilh\u00e3o"},"content":{"rendered":"<p><strong>ERRADO<\/strong><\/p>\n<p>O princ\u00edpio da territorialidade \u00e9 o que determina a aplica\u00e7\u00e3o da lei penal do local do crime, n\u00e3o importando a nacionalidade do agente, da v\u00edtima ou do bem jur\u00eddico. O art. 5\u00ba do CP determina que seja aplicada a lei brasileira ao crime <em>praticado no territ\u00f3rio nacional<\/em>. Entende-se por territ\u00f3rio nacional a soma do espa\u00e7o f\u00edsico (ou geogr\u00e1fico) com o espa\u00e7o jur\u00eddico (espa\u00e7o f\u00edsico por fic\u00e7\u00e3o, por equipara\u00e7\u00e3o, por extens\u00e3o ou territ\u00f3rio flutuante). Por territ\u00f3rio f\u00edsico entende-se o espa\u00e7o terrestre, mar\u00edtimo ou a\u00e9reo, sujeito \u00e0 soberania do Estado (solo, rios, lagos, mares interiores, ba\u00edas, faixa do mar exterior ao longo da costa \u2013 12 milhas mar\u00edtimas de largura, medidas a partir da linha de baixa-mar do litoral continente e insular \u2013 e espa\u00e7o a\u00e9reo correspondente). Para os efeitos penais, consideram-se como extens\u00e3o do territ\u00f3rio nacional as <em>embarca\u00e7\u00f5es e aeronaves brasileiras, de natureza p\u00fablica ou a servi\u00e7o do governo brasileiro<\/em> <em>onde quer que se encontrem<\/em>, bem como as embarca\u00e7\u00f5es e as aeronaves brasileiras (matriculadas no Brasil), mercantes ou de propriedade privada, que se achem, respectivamente, em alto-mar ou no espa\u00e7o a\u00e9reo correspondente (art. 5\u00b0, \u00a7\u00a01\u00b0, CP).<\/p>\n<p>Desta forma, nos crimes cometidos em embarca\u00e7\u00f5es oficiais brasileiras em alto mar se aplica a lei nacional segundo o princ\u00edpio da territorialidade, n\u00e3o o do pavilh\u00e3o, um dos princ\u00edpios utilizados para fundamentar a extraterritorialidade da lei penal brasileira.<\/p>\n","protected":false},"excerpt":{"rendered":"<p>ERRADO O princ\u00edpio da territorialidade \u00e9 o que determina a aplica\u00e7\u00e3o da lei penal do local do crime, n\u00e3o importando a nacionalidade do agente, da v\u00edtima ou do bem jur\u00eddico. O art. 5\u00ba do CP determina que seja aplicada a lei brasileira ao crime praticado no territ\u00f3rio nacional. Entende-se por territ\u00f3rio nacional a soma do [&hellip;]<\/p>\n","protected":false},"author":7,"featured_media":2103,"comment_status":"open","ping_status":"open","sticky":false,"template":"","format":"standard","meta":{"_acf_changed":false,"footnotes":""},"categories":[3090,78,437],"tags":[107,618,690],"class_list":["post-10796","post","type-post","status-publish","format-standard","has-post-thumbnail","hentry","category-certo-ou-errado","category-material-de-aula","category-perguntas-e-respostas","tag-direito-penal","tag-lei-penal-no-espaco","tag-territorialidade"],"acf":[],"yoast_head":"<!-- This site is optimized with the Yoast SEO plugin v24.8.1 - https:\/\/yoast.com\/wordpress\/plugins\/seo\/ -->\n<title>Crimes cometidos em embarca\u00e7\u00f5es oficiais brasileiras em alto mar s\u00e3o de compet\u00eancia da justi\u00e7a brasileira em raz\u00e3o do princ\u00edpio do pavilh\u00e3o - Meu site jur\u00eddico<\/title>\n<meta name=\"robots\" content=\"index, follow, max-snippet:-1, max-image-preview:large, max-video-preview:-1\" \/>\n<link rel=\"canonical\" href=\"https:\/\/meusitejuridico.editorajuspodivm.com.br\/2020\/04\/19\/crimes-cometidos-em-embarcacoes-oficiais-brasileiras-em-alto-mar-sao-de-competencia-da-justica-brasileira-em-razao-principio-pavilhao\/\" \/>\n<meta property=\"og:locale\" content=\"pt_BR\" \/>\n<meta property=\"og:type\" content=\"article\" \/>\n<meta property=\"og:title\" content=\"Crimes cometidos em embarca\u00e7\u00f5es oficiais brasileiras em alto mar s\u00e3o de compet\u00eancia da justi\u00e7a brasileira em raz\u00e3o do princ\u00edpio do pavilh\u00e3o - Meu site jur\u00eddico\" \/>\n<meta property=\"og:description\" content=\"ERRADO O princ\u00edpio da territorialidade \u00e9 o que determina a aplica\u00e7\u00e3o da lei penal do local do crime, n\u00e3o importando a nacionalidade do agente, da v\u00edtima ou do bem jur\u00eddico. O art. 5\u00ba do CP determina que seja aplicada a lei brasileira ao crime praticado no territ\u00f3rio nacional. Entende-se por territ\u00f3rio nacional a soma do [&hellip;]\" \/>\n<meta property=\"og:url\" content=\"https:\/\/meusitejuridico.editorajuspodivm.com.br\/2020\/04\/19\/crimes-cometidos-em-embarcacoes-oficiais-brasileiras-em-alto-mar-sao-de-competencia-da-justica-brasileira-em-razao-principio-pavilhao\/\" \/>\n<meta property=\"og:site_name\" content=\"Meu site jur\u00eddico\" \/>\n<meta property=\"article:published_time\" content=\"2020-04-19T11:30:19+00:00\" \/>\n<meta property=\"og:image\" content=\"https:\/\/meusitejuridico.editorajuspodivm.com.br\/s.meusitejuridico\/2017\/04\/a1e35b53-shutterstock-559797802.jpg\" \/>\n\t<meta property=\"og:image:width\" content=\"6016\" \/>\n\t<meta property=\"og:image:height\" content=\"4000\" \/>\n\t<meta property=\"og:image:type\" content=\"image\/jpeg\" \/>\n<meta name=\"author\" content=\"Equipe Meu Site Jur\u00eddico\" \/>\n<meta name=\"twitter:card\" content=\"summary_large_image\" \/>\n<meta name=\"twitter:label1\" content=\"Escrito por\" \/>\n\t<meta name=\"twitter:data1\" content=\"Equipe Meu Site Jur\u00eddico\" \/>\n\t<meta name=\"twitter:label2\" content=\"Est. tempo de leitura\" \/>\n\t<meta name=\"twitter:data2\" content=\"1 minuto\" \/>\n<script type=\"application\/ld+json\" class=\"yoast-schema-graph\">{\"@context\":\"https:\/\/schema.org\",\"@graph\":[{\"@type\":\"Article\",\"@id\":\"https:\/\/meusitejuridico.editorajuspodivm.com.br\/2020\/04\/19\/crimes-cometidos-em-embarcacoes-oficiais-brasileiras-em-alto-mar-sao-de-competencia-da-justica-brasileira-em-razao-principio-pavilhao\/#article\",\"isPartOf\":{\"@id\":\"https:\/\/meusitejuridico.editorajuspodivm.com.br\/2020\/04\/19\/crimes-cometidos-em-embarcacoes-oficiais-brasileiras-em-alto-mar-sao-de-competencia-da-justica-brasileira-em-razao-principio-pavilhao\/\"},\"author\":{\"name\":\"Equipe Meu Site Jur\u00eddico\",\"@id\":\"https:\/\/cdn.meusitejuridico.com.br\/#\/schema\/person\/5c2237ac0c8ff03bcf1a09fe3e45dfce\"},\"headline\":\"Crimes cometidos em embarca\u00e7\u00f5es oficiais brasileiras em alto mar s\u00e3o de compet\u00eancia da justi\u00e7a brasileira em raz\u00e3o do princ\u00edpio do pavilh\u00e3o\",\"datePublished\":\"2020-04-19T11:30:19+00:00\",\"mainEntityOfPage\":{\"@id\":\"https:\/\/meusitejuridico.editorajuspodivm.com.br\/2020\/04\/19\/crimes-cometidos-em-embarcacoes-oficiais-brasileiras-em-alto-mar-sao-de-competencia-da-justica-brasileira-em-razao-principio-pavilhao\/\"},\"wordCount\":284,\"commentCount\":0,\"publisher\":{\"@id\":\"https:\/\/cdn.meusitejuridico.com.br\/#organization\"},\"image\":{\"@id\":\"https:\/\/meusitejuridico.editorajuspodivm.com.br\/2020\/04\/19\/crimes-cometidos-em-embarcacoes-oficiais-brasileiras-em-alto-mar-sao-de-competencia-da-justica-brasileira-em-razao-principio-pavilhao\/#primaryimage\"},\"thumbnailUrl\":\"https:\/\/webmail.meusitejuridico.com.br\/s.meusitejuridico\/2017\/04\/a1e35b53-shutterstock-559797802.jpg\",\"keywords\":[\"Direito Penal\",\"lei penal no espa\u00e7o\",\"territorialidade\"],\"articleSection\":[\"Certo ou errado?\",\"Material de aula\",\"Perguntas e Respostas\"],\"inLanguage\":\"pt-BR\",\"potentialAction\":[{\"@type\":\"CommentAction\",\"name\":\"Comment\",\"target\":[\"https:\/\/meusitejuridico.editorajuspodivm.com.br\/2020\/04\/19\/crimes-cometidos-em-embarcacoes-oficiais-brasileiras-em-alto-mar-sao-de-competencia-da-justica-brasileira-em-razao-principio-pavilhao\/#respond\"]}]},{\"@type\":\"WebPage\",\"@id\":\"https:\/\/meusitejuridico.editorajuspodivm.com.br\/2020\/04\/19\/crimes-cometidos-em-embarcacoes-oficiais-brasileiras-em-alto-mar-sao-de-competencia-da-justica-brasileira-em-razao-principio-pavilhao\/\",\"url\":\"https:\/\/meusitejuridico.editorajuspodivm.com.br\/2020\/04\/19\/crimes-cometidos-em-embarcacoes-oficiais-brasileiras-em-alto-mar-sao-de-competencia-da-justica-brasileira-em-razao-principio-pavilhao\/\",\"name\":\"Crimes cometidos em embarca\u00e7\u00f5es oficiais brasileiras em alto mar s\u00e3o de compet\u00eancia da justi\u00e7a brasileira em raz\u00e3o do princ\u00edpio do pavilh\u00e3o - Meu site jur\u00eddico\",\"isPartOf\":{\"@id\":\"https:\/\/cdn.meusitejuridico.com.br\/#website\"},\"primaryImageOfPage\":{\"@id\":\"https:\/\/meusitejuridico.editorajuspodivm.com.br\/2020\/04\/19\/crimes-cometidos-em-embarcacoes-oficiais-brasileiras-em-alto-mar-sao-de-competencia-da-justica-brasileira-em-razao-principio-pavilhao\/#primaryimage\"},\"image\":{\"@id\":\"https:\/\/meusitejuridico.editorajuspodivm.com.br\/2020\/04\/19\/crimes-cometidos-em-embarcacoes-oficiais-brasileiras-em-alto-mar-sao-de-competencia-da-justica-brasileira-em-razao-principio-pavilhao\/#primaryimage\"},\"thumbnailUrl\":\"https:\/\/webmail.meusitejuridico.com.br\/s.meusitejuridico\/2017\/04\/a1e35b53-shutterstock-559797802.jpg\",\"datePublished\":\"2020-04-19T11:30:19+00:00\",\"breadcrumb\":{\"@id\":\"https:\/\/meusitejuridico.editorajuspodivm.com.br\/2020\/04\/19\/crimes-cometidos-em-embarcacoes-oficiais-brasileiras-em-alto-mar-sao-de-competencia-da-justica-brasileira-em-razao-principio-pavilhao\/#breadcrumb\"},\"inLanguage\":\"pt-BR\",\"potentialAction\":[{\"@type\":\"ReadAction\",\"target\":[\"https:\/\/meusitejuridico.editorajuspodivm.com.br\/2020\/04\/19\/crimes-cometidos-em-embarcacoes-oficiais-brasileiras-em-alto-mar-sao-de-competencia-da-justica-brasileira-em-razao-principio-pavilhao\/\"]}]},{\"@type\":\"ImageObject\",\"inLanguage\":\"pt-BR\",\"@id\":\"https:\/\/meusitejuridico.editorajuspodivm.com.br\/2020\/04\/19\/crimes-cometidos-em-embarcacoes-oficiais-brasileiras-em-alto-mar-sao-de-competencia-da-justica-brasileira-em-razao-principio-pavilhao\/#primaryimage\",\"url\":\"https:\/\/webmail.meusitejuridico.com.br\/s.meusitejuridico\/2017\/04\/a1e35b53-shutterstock-559797802.jpg\",\"contentUrl\":\"https:\/\/webmail.meusitejuridico.com.br\/s.meusitejuridico\/2017\/04\/a1e35b53-shutterstock-559797802.jpg\",\"width\":6016,\"height\":4000},{\"@type\":\"BreadcrumbList\",\"@id\":\"https:\/\/meusitejuridico.editorajuspodivm.com.br\/2020\/04\/19\/crimes-cometidos-em-embarcacoes-oficiais-brasileiras-em-alto-mar-sao-de-competencia-da-justica-brasileira-em-razao-principio-pavilhao\/#breadcrumb\",\"itemListElement\":[{\"@type\":\"ListItem\",\"position\":1,\"name\":\"In\u00edcio\",\"item\":\"https:\/\/cdn.meusitejuridico.com.br\/\"},{\"@type\":\"ListItem\",\"position\":2,\"name\":\"Crimes cometidos em embarca\u00e7\u00f5es oficiais brasileiras em alto mar s\u00e3o de compet\u00eancia da justi\u00e7a brasileira em raz\u00e3o do princ\u00edpio do pavilh\u00e3o\"}]},{\"@type\":\"WebSite\",\"@id\":\"https:\/\/cdn.meusitejuridico.com.br\/#website\",\"url\":\"https:\/\/cdn.meusitejuridico.com.br\/\",\"name\":\"Meu site jur\u00eddico\",\"description\":\"Meu site jur\u00eddico\",\"publisher\":{\"@id\":\"https:\/\/cdn.meusitejuridico.com.br\/#organization\"},\"potentialAction\":[{\"@type\":\"SearchAction\",\"target\":{\"@type\":\"EntryPoint\",\"urlTemplate\":\"https:\/\/cdn.meusitejuridico.com.br\/?s={search_term_string}\"},\"query-input\":{\"@type\":\"PropertyValueSpecification\",\"valueRequired\":true,\"valueName\":\"search_term_string\"}}],\"inLanguage\":\"pt-BR\"},{\"@type\":\"Organization\",\"@id\":\"https:\/\/cdn.meusitejuridico.com.br\/#organization\",\"name\":\"Meu site jur\u00eddico\",\"url\":\"https:\/\/cdn.meusitejuridico.com.br\/\",\"logo\":{\"@type\":\"ImageObject\",\"inLanguage\":\"pt-BR\",\"@id\":\"https:\/\/cdn.meusitejuridico.com.br\/#\/schema\/logo\/image\/\",\"url\":\"https:\/\/webmail.meusitejuridico.com.br\/s.meusitejuridico\/2022\/03\/cropped-baeec2a3-msj-02-01-01.png\",\"contentUrl\":\"https:\/\/webmail.meusitejuridico.com.br\/s.meusitejuridico\/2022\/03\/cropped-baeec2a3-msj-02-01-01.png\",\"width\":349,\"height\":243,\"caption\":\"Meu site jur\u00eddico\"},\"image\":{\"@id\":\"https:\/\/cdn.meusitejuridico.com.br\/#\/schema\/logo\/image\/\"}},{\"@type\":\"Person\",\"@id\":\"https:\/\/cdn.meusitejuridico.com.br\/#\/schema\/person\/5c2237ac0c8ff03bcf1a09fe3e45dfce\",\"name\":\"Equipe Meu Site Jur\u00eddico\",\"image\":{\"@type\":\"ImageObject\",\"inLanguage\":\"pt-BR\",\"@id\":\"https:\/\/cdn.meusitejuridico.com.br\/#\/schema\/person\/image\/\",\"url\":\"https:\/\/webmail.meusitejuridico.com.br\/s.meusitejuridico\/2020\/07\/6be289aa-logo-msj.png\",\"contentUrl\":\"https:\/\/webmail.meusitejuridico.com.br\/s.meusitejuridico\/2020\/07\/6be289aa-logo-msj.png\",\"caption\":\"Equipe Meu Site Jur\u00eddico\"},\"description\":\"Contem conosco!\",\"url\":\"https:\/\/webmail.meusitejuridico.com.br\/author\/equipe-meu-site-juridico\/\"}]}<\/script>\n<!-- \/ Yoast SEO plugin. -->","yoast_head_json":{"title":"Crimes cometidos em embarca\u00e7\u00f5es oficiais brasileiras em alto mar s\u00e3o de compet\u00eancia da justi\u00e7a brasileira em raz\u00e3o do princ\u00edpio do pavilh\u00e3o - Meu site jur\u00eddico","robots":{"index":"index","follow":"follow","max-snippet":"max-snippet:-1","max-image-preview":"max-image-preview:large","max-video-preview":"max-video-preview:-1"},"canonical":"https:\/\/meusitejuridico.editorajuspodivm.com.br\/2020\/04\/19\/crimes-cometidos-em-embarcacoes-oficiais-brasileiras-em-alto-mar-sao-de-competencia-da-justica-brasileira-em-razao-principio-pavilhao\/","og_locale":"pt_BR","og_type":"article","og_title":"Crimes cometidos em embarca\u00e7\u00f5es oficiais brasileiras em alto mar s\u00e3o de compet\u00eancia da justi\u00e7a brasileira em raz\u00e3o do princ\u00edpio do pavilh\u00e3o - Meu site jur\u00eddico","og_description":"ERRADO O princ\u00edpio da territorialidade \u00e9 o que determina a aplica\u00e7\u00e3o da lei penal do local do crime, n\u00e3o importando a nacionalidade do agente, da v\u00edtima ou do bem jur\u00eddico. O art. 5\u00ba do CP determina que seja aplicada a lei brasileira ao crime praticado no territ\u00f3rio nacional. Entende-se por territ\u00f3rio nacional a soma do [&hellip;]","og_url":"https:\/\/meusitejuridico.editorajuspodivm.com.br\/2020\/04\/19\/crimes-cometidos-em-embarcacoes-oficiais-brasileiras-em-alto-mar-sao-de-competencia-da-justica-brasileira-em-razao-principio-pavilhao\/","og_site_name":"Meu site jur\u00eddico","article_published_time":"2020-04-19T11:30:19+00:00","og_image":[{"width":6016,"height":4000,"url":"https:\/\/meusitejuridico.editorajuspodivm.com.br\/s.meusitejuridico\/2017\/04\/a1e35b53-shutterstock-559797802.jpg","type":"image\/jpeg"}],"author":"Equipe Meu Site Jur\u00eddico","twitter_card":"summary_large_image","twitter_misc":{"Escrito por":"Equipe Meu Site Jur\u00eddico","Est. tempo de leitura":"1 minuto"},"schema":{"@context":"https:\/\/schema.org","@graph":[{"@type":"Article","@id":"https:\/\/meusitejuridico.editorajuspodivm.com.br\/2020\/04\/19\/crimes-cometidos-em-embarcacoes-oficiais-brasileiras-em-alto-mar-sao-de-competencia-da-justica-brasileira-em-razao-principio-pavilhao\/#article","isPartOf":{"@id":"https:\/\/meusitejuridico.editorajuspodivm.com.br\/2020\/04\/19\/crimes-cometidos-em-embarcacoes-oficiais-brasileiras-em-alto-mar-sao-de-competencia-da-justica-brasileira-em-razao-principio-pavilhao\/"},"author":{"name":"Equipe Meu Site Jur\u00eddico","@id":"https:\/\/cdn.meusitejuridico.com.br\/#\/schema\/person\/5c2237ac0c8ff03bcf1a09fe3e45dfce"},"headline":"Crimes cometidos em embarca\u00e7\u00f5es oficiais brasileiras em alto mar s\u00e3o de compet\u00eancia da justi\u00e7a brasileira em raz\u00e3o do princ\u00edpio do pavilh\u00e3o","datePublished":"2020-04-19T11:30:19+00:00","mainEntityOfPage":{"@id":"https:\/\/meusitejuridico.editorajuspodivm.com.br\/2020\/04\/19\/crimes-cometidos-em-embarcacoes-oficiais-brasileiras-em-alto-mar-sao-de-competencia-da-justica-brasileira-em-razao-principio-pavilhao\/"},"wordCount":284,"commentCount":0,"publisher":{"@id":"https:\/\/cdn.meusitejuridico.com.br\/#organization"},"image":{"@id":"https:\/\/meusitejuridico.editorajuspodivm.com.br\/2020\/04\/19\/crimes-cometidos-em-embarcacoes-oficiais-brasileiras-em-alto-mar-sao-de-competencia-da-justica-brasileira-em-razao-principio-pavilhao\/#primaryimage"},"thumbnailUrl":"https:\/\/webmail.meusitejuridico.com.br\/s.meusitejuridico\/2017\/04\/a1e35b53-shutterstock-559797802.jpg","keywords":["Direito Penal","lei penal no espa\u00e7o","territorialidade"],"articleSection":["Certo ou errado?","Material de aula","Perguntas e Respostas"],"inLanguage":"pt-BR","potentialAction":[{"@type":"CommentAction","name":"Comment","target":["https:\/\/meusitejuridico.editorajuspodivm.com.br\/2020\/04\/19\/crimes-cometidos-em-embarcacoes-oficiais-brasileiras-em-alto-mar-sao-de-competencia-da-justica-brasileira-em-razao-principio-pavilhao\/#respond"]}]},{"@type":"WebPage","@id":"https:\/\/meusitejuridico.editorajuspodivm.com.br\/2020\/04\/19\/crimes-cometidos-em-embarcacoes-oficiais-brasileiras-em-alto-mar-sao-de-competencia-da-justica-brasileira-em-razao-principio-pavilhao\/","url":"https:\/\/meusitejuridico.editorajuspodivm.com.br\/2020\/04\/19\/crimes-cometidos-em-embarcacoes-oficiais-brasileiras-em-alto-mar-sao-de-competencia-da-justica-brasileira-em-razao-principio-pavilhao\/","name":"Crimes cometidos em embarca\u00e7\u00f5es oficiais brasileiras em alto mar s\u00e3o de compet\u00eancia da justi\u00e7a brasileira em raz\u00e3o do princ\u00edpio do pavilh\u00e3o - Meu site jur\u00eddico","isPartOf":{"@id":"https:\/\/cdn.meusitejuridico.com.br\/#website"},"primaryImageOfPage":{"@id":"https:\/\/meusitejuridico.editorajuspodivm.com.br\/2020\/04\/19\/crimes-cometidos-em-embarcacoes-oficiais-brasileiras-em-alto-mar-sao-de-competencia-da-justica-brasileira-em-razao-principio-pavilhao\/#primaryimage"},"image":{"@id":"https:\/\/meusitejuridico.editorajuspodivm.com.br\/2020\/04\/19\/crimes-cometidos-em-embarcacoes-oficiais-brasileiras-em-alto-mar-sao-de-competencia-da-justica-brasileira-em-razao-principio-pavilhao\/#primaryimage"},"thumbnailUrl":"https:\/\/webmail.meusitejuridico.com.br\/s.meusitejuridico\/2017\/04\/a1e35b53-shutterstock-559797802.jpg","datePublished":"2020-04-19T11:30:19+00:00","breadcrumb":{"@id":"https:\/\/meusitejuridico.editorajuspodivm.com.br\/2020\/04\/19\/crimes-cometidos-em-embarcacoes-oficiais-brasileiras-em-alto-mar-sao-de-competencia-da-justica-brasileira-em-razao-principio-pavilhao\/#breadcrumb"},"inLanguage":"pt-BR","potentialAction":[{"@type":"ReadAction","target":["https:\/\/meusitejuridico.editorajuspodivm.com.br\/2020\/04\/19\/crimes-cometidos-em-embarcacoes-oficiais-brasileiras-em-alto-mar-sao-de-competencia-da-justica-brasileira-em-razao-principio-pavilhao\/"]}]},{"@type":"ImageObject","inLanguage":"pt-BR","@id":"https:\/\/meusitejuridico.editorajuspodivm.com.br\/2020\/04\/19\/crimes-cometidos-em-embarcacoes-oficiais-brasileiras-em-alto-mar-sao-de-competencia-da-justica-brasileira-em-razao-principio-pavilhao\/#primaryimage","url":"https:\/\/webmail.meusitejuridico.com.br\/s.meusitejuridico\/2017\/04\/a1e35b53-shutterstock-559797802.jpg","contentUrl":"https:\/\/webmail.meusitejuridico.com.br\/s.meusitejuridico\/2017\/04\/a1e35b53-shutterstock-559797802.jpg","width":6016,"height":4000},{"@type":"BreadcrumbList","@id":"https:\/\/meusitejuridico.editorajuspodivm.com.br\/2020\/04\/19\/crimes-cometidos-em-embarcacoes-oficiais-brasileiras-em-alto-mar-sao-de-competencia-da-justica-brasileira-em-razao-principio-pavilhao\/#breadcrumb","itemListElement":[{"@type":"ListItem","position":1,"name":"In\u00edcio","item":"https:\/\/cdn.meusitejuridico.com.br\/"},{"@type":"ListItem","position":2,"name":"Crimes cometidos em embarca\u00e7\u00f5es oficiais brasileiras em alto mar s\u00e3o de compet\u00eancia da justi\u00e7a brasileira em raz\u00e3o do princ\u00edpio do pavilh\u00e3o"}]},{"@type":"WebSite","@id":"https:\/\/cdn.meusitejuridico.com.br\/#website","url":"https:\/\/cdn.meusitejuridico.com.br\/","name":"Meu site jur\u00eddico","description":"Meu site jur\u00eddico","publisher":{"@id":"https:\/\/cdn.meusitejuridico.com.br\/#organization"},"potentialAction":[{"@type":"SearchAction","target":{"@type":"EntryPoint","urlTemplate":"https:\/\/cdn.meusitejuridico.com.br\/?s={search_term_string}"},"query-input":{"@type":"PropertyValueSpecification","valueRequired":true,"valueName":"search_term_string"}}],"inLanguage":"pt-BR"},{"@type":"Organization","@id":"https:\/\/cdn.meusitejuridico.com.br\/#organization","name":"Meu site jur\u00eddico","url":"https:\/\/cdn.meusitejuridico.com.br\/","logo":{"@type":"ImageObject","inLanguage":"pt-BR","@id":"https:\/\/cdn.meusitejuridico.com.br\/#\/schema\/logo\/image\/","url":"https:\/\/webmail.meusitejuridico.com.br\/s.meusitejuridico\/2022\/03\/cropped-baeec2a3-msj-02-01-01.png","contentUrl":"https:\/\/webmail.meusitejuridico.com.br\/s.meusitejuridico\/2022\/03\/cropped-baeec2a3-msj-02-01-01.png","width":349,"height":243,"caption":"Meu site jur\u00eddico"},"image":{"@id":"https:\/\/cdn.meusitejuridico.com.br\/#\/schema\/logo\/image\/"}},{"@type":"Person","@id":"https:\/\/cdn.meusitejuridico.com.br\/#\/schema\/person\/5c2237ac0c8ff03bcf1a09fe3e45dfce","name":"Equipe Meu Site Jur\u00eddico","image":{"@type":"ImageObject","inLanguage":"pt-BR","@id":"https:\/\/cdn.meusitejuridico.com.br\/#\/schema\/person\/image\/","url":"https:\/\/webmail.meusitejuridico.com.br\/s.meusitejuridico\/2020\/07\/6be289aa-logo-msj.png","contentUrl":"https:\/\/webmail.meusitejuridico.com.br\/s.meusitejuridico\/2020\/07\/6be289aa-logo-msj.png","caption":"Equipe Meu Site Jur\u00eddico"},"description":"Contem conosco!","url":"https:\/\/webmail.meusitejuridico.com.br\/author\/equipe-meu-site-juridico\/"}]}},"_links":{"self":[{"href":"https:\/\/webmail.meusitejuridico.com.br\/api\/wp\/v2\/posts\/10796","targetHints":{"allow":["GET"]}}],"collection":[{"href":"https:\/\/webmail.meusitejuridico.com.br\/api\/wp\/v2\/posts"}],"about":[{"href":"https:\/\/webmail.meusitejuridico.com.br\/api\/wp\/v2\/types\/post"}],"author":[{"embeddable":true,"href":"https:\/\/webmail.meusitejuridico.com.br\/api\/wp\/v2\/users\/7"}],"replies":[{"embeddable":true,"href":"https:\/\/webmail.meusitejuridico.com.br\/api\/wp\/v2\/comments?post=10796"}],"version-history":[{"count":1,"href":"https:\/\/webmail.meusitejuridico.com.br\/api\/wp\/v2\/posts\/10796\/revisions"}],"predecessor-version":[{"id":10797,"href":"https:\/\/webmail.meusitejuridico.com.br\/api\/wp\/v2\/posts\/10796\/revisions\/10797"}],"wp:featuredmedia":[{"embeddable":true,"href":"https:\/\/webmail.meusitejuridico.com.br\/api\/wp\/v2\/media\/2103"}],"wp:attachment":[{"href":"https:\/\/webmail.meusitejuridico.com.br\/api\/wp\/v2\/media?parent=10796"}],"wp:term":[{"taxonomy":"category","embeddable":true,"href":"https:\/\/webmail.meusitejuridico.com.br\/api\/wp\/v2\/categories?post=10796"},{"taxonomy":"post_tag","embeddable":true,"href":"https:\/\/webmail.meusitejuridico.com.br\/api\/wp\/v2\/tags?post=10796"}],"curies":[{"name":"wp","href":"https:\/\/api.w.org\/{rel}","templated":true}]}}